{"id":100423,"date":"2022-12-25T15:17:45","date_gmt":"2022-12-25T15:17:45","guid":{"rendered":"https:\/\/www.nettali.com\/?p=100423"},"modified":"2022-12-25T21:10:29","modified_gmt":"2022-12-25T21:10:29","slug":"en-coulisses-le-jeune-footballeur-adel-santana-mendy-tue-par-balle-a-marseille","status":"publish","type":"post","link":"https:\/\/www.nettali.com\/2022\/12\/25\/en-coulisses-le-jeune-footballeur-adel-santana-mendy-tue-par-balle-a-marseille\/","title":{"rendered":"MARSEILLE - Le jeune footballeur Adel Santana Mendy tu\u00e9 par balle"},"content":{"rendered":"<p><strong>NETTALI.COM - D'origine s\u00e9n\u00e9galaise, l\u2019attaquant form\u00e9 \u00e0 l\u2019OM Adel Santana Mendy est d\u00e9c\u00e9d\u00e9 \u00e0 22 ans. Selon les informations de BFM Marseille, il a \u00e9t\u00e9 tu\u00e9 par arme \u00e0 feu dans la cit\u00e9 de la M\u00e9diterran\u00e9e \u00e0 Marseille.<\/strong><\/p>\n<p>Le club d\u2019Aubagne FC est en deuil. Le pensionnaire de National 2 annonce le d\u00e9c\u00e8s de son attaquant Adel Santana Mendy, \u00e2g\u00e9 seulement de 22 ans, ce samedi sur son compte Twitter. Selon les informations de BFMTV, il est le jeune homme tu\u00e9 par arme \u00e0 feu dans la cit\u00e9 de la M\u00e9diterran\u00e9e, dans le 14e arrondissement de Marseille.<\/p>\n<p>Touch\u00e9 \u00e0 deux reprises, selon les informations de BFM Marseille, il a \u00e9t\u00e9 pris en charge par les secours qui n\u2019ont pas pu le r\u00e9animer. Le jeune homme a finalement succomb\u00e9 \u00e0 ses blessures ce vendredi soir aux alentours de minuit. 27 douilles de 7.62 mm ont \u00e9t\u00e9 retrouv\u00e9es sur place. Il \u00e9tait inconnu des services de police.<\/p>\n<p><strong>Pass\u00e9 par la r\u00e9serve de l'OM<\/strong><\/p>\n<p>\"<em>L\u2019AFC a appris avec une grande tristesse la tragique disparition de Adel Santana Mendy, \u00e9crit le club. Il laissera un grand vide et demeurera \u00e0 jamais l\u2019un des n\u00f4tres. Toutes nos pens\u00e9es et nos condol\u00e9ances vont \u00e0 sa famille<\/em>\", a \u00e9crit le club de Nationale 2.<\/p>\n<p>Form\u00e9 \u00e0 l\u2019OM, il a \u00e9volu\u00e9 avec les U19 du club \u00e0 partir de 2016 puis avec l\u2019\u00e9quipe r\u00e9serve, avant de le quitter libre en 2018. Il a ensuite jou\u00e9 en Andorre (Sant Julia) puis en ligue r\u00e9gionale anglaise (Langney Wanderers, un club aujourd\u2019hui disparu, et Eastbourne) avant de retrouver la Provence avec le FC C\u00f4te Bleue et donc Aubagne depuis l\u2019\u00e9t\u00e9 dernier.<\/p>\n<p>Cette saison, il a disput\u00e9 10 rencontres en championnat et un en Coupe de France, pour un but marqu\u00e9, le dernier remontant au 3 d\u00e9cembre. Le prochain match d\u2019Aubagne est pr\u00e9vu le 8 janvier prochain, face \u00e0 Chamb\u00e9ry en 32es de finale de Coupe de France.<\/p>\n<div class='share-to-whatsapp-wrapper'><div class='share-on-whsp'>PARTAGER SUR : <\/div><a data-text='MARSEILLE - Le jeune footballeur Adel Santana Mendy tu\u00e9 par balle' data-link='https:\/\/www.nettali.com\/2022\/12\/25\/en-coulisses-le-jeune-footballeur-adel-santana-mendy-tue-par-balle-a-marseille\/' class='whatsapp-button whatsapp-share'>WhatsApp<\/a><div class='clear '><\/div><\/div>","protected":false},"excerpt":{"rendered":"<p>NETTALI.COM - D'origine s\u00e9n\u00e9galaise, l\u2019attaquant form\u00e9 \u00e0 l\u2019OM Adel Santana Mendy est d\u00e9c\u00e9d\u00e9 \u00e0 22 ans. Selon les informations de BFM Marseille, il a \u00e9t\u00e9 tu\u00e9 par arme \u00e0 feu dans la cit\u00e9 de la M\u00e9diterran\u00e9e \u00e0 Marseille. Le club d\u2019Aubagne FC est en deuil. Le pensionnaire de National 2 annonce le d\u00e9c\u00e8s de son [&hellip;]<\/p>\n","protected":false},"author":5,"featured_media":100424,"comment_status":"open","ping_status":"open","sticky":false,"template":"","format":"standard","meta":{"_et_pb_use_builder":"","_et_pb_old_content":""},"categories":[3],"tags":[],"yoast_head":"<!-- This site is optimized with the Yoast SEO Premium plugin v17.8 (Yoast SEO v17.8) - https:\/\/yoast.com\/wordpress\/plugins\/seo\/ -->\n<title>MARSEILLE - Le jeune footballeur Adel Santana Mendy tu\u00e9 par balle | Nettali.com<\/title>\n<meta name=\"robots\" content=\"index, follow, max-snippet:-1, max-image-preview:large, max-video-preview:-1\" \/>\n<link rel=\"canonical\" href=\"https:\/\/www.nettali.com\/2022\/12\/25\/en-coulisses-le-jeune-footballeur-adel-santana-mendy-tue-par-balle-a-marseille\/\" \/>\n<meta property=\"og:locale\" content=\"fr_FR\" \/>\n<meta property=\"og:type\" content=\"article\" \/>\n<meta property=\"og:title\" content=\"MARSEILLE - Le jeune footballeur Adel Santana Mendy tu\u00e9 par balle\" \/>\n<meta property=\"og:description\" content=\"NETTALI.COM - D&#039;origine s\u00e9n\u00e9galaise, l\u2019attaquant form\u00e9 \u00e0 l\u2019OM Adel Santana Mendy est d\u00e9c\u00e9d\u00e9 \u00e0 22 ans. Selon les informations de BFM Marseille, il a \u00e9t\u00e9 tu\u00e9 par arme \u00e0 feu dans la cit\u00e9 de la M\u00e9diterran\u00e9e \u00e0 Marseille. Le club d\u2019Aubagne FC est en deuil. Le pensionnaire de National 2 annonce le d\u00e9c\u00e8s de son [&hellip;]\" \/>\n<meta property=\"og:url\" content=\"https:\/\/www.nettali.com\/2022\/12\/25\/en-coulisses-le-jeune-footballeur-adel-santana-mendy-tue-par-balle-a-marseille\/\" \/>\n<meta property=\"og:site_name\" content=\"Nettali.com\" \/>\n<meta property=\"article:publisher\" content=\"https:\/\/www.facebook.com\/nettalicom\" \/>\n<meta property=\"article:published_time\" content=\"2022-12-25T15:17:45+00:00\" \/>\n<meta property=\"article:modified_time\" content=\"2022-12-25T21:10:29+00:00\" \/>\n<meta property=\"og:image\" content=\"https:\/\/www.nettali.com\/wp-content\/uploads\/2022\/12\/medium_2022-12-25-18a01f9475.jpg\" \/>\n\t<meta property=\"og:image:width\" content=\"700\" \/>\n\t<meta property=\"og:image:height\" content=\"450\" \/>\n<meta name=\"twitter:card\" content=\"summary_large_image\" \/>\n<meta name=\"twitter:label1\" content=\"\u00c9crit par\" \/>\n\t<meta name=\"twitter:data1\" content=\"Ibrahima\" \/>\n\t<meta name=\"twitter:label2\" content=\"Dur\u00e9e de lecture estim\u00e9e\" \/>\n\t<meta name=\"twitter:data2\" content=\"2 minutes\" \/>\n<script type=\"application\/ld+json\" class=\"yoast-schema-graph\">{\"@context\":\"https:\/\/schema.org\",\"@graph\":[{\"@type\":\"WebSite\",\"@id\":\"https:\/\/www.nettali.com\/#website\",\"url\":\"https:\/\/www.nettali.com\/\",\"name\":\"Nettali.com\",\"description\":\"Le rendez-vous critique du Net\",\"potentialAction\":[{\"@type\":\"SearchAction\",\"target\":{\"@type\":\"EntryPoint\",\"urlTemplate\":\"https:\/\/www.nettali.com\/?s={search_term_string}\"},\"query-input\":\"required name=search_term_string\"}],\"inLanguage\":\"fr-FR\"},{\"@type\":\"ImageObject\",\"@id\":\"https:\/\/www.nettali.com\/2022\/12\/25\/en-coulisses-le-jeune-footballeur-adel-santana-mendy-tue-par-balle-a-marseille\/#primaryimage\",\"inLanguage\":\"fr-FR\",\"url\":\"https:\/\/www.nettali.com\/wp-content\/uploads\/2022\/12\/medium_2022-12-25-18a01f9475.jpg\",\"contentUrl\":\"https:\/\/www.nettali.com\/wp-content\/uploads\/2022\/12\/medium_2022-12-25-18a01f9475.jpg\",\"width\":700,\"height\":450},{\"@type\":\"WebPage\",\"@id\":\"https:\/\/www.nettali.com\/2022\/12\/25\/en-coulisses-le-jeune-footballeur-adel-santana-mendy-tue-par-balle-a-marseille\/#webpage\",\"url\":\"https:\/\/www.nettali.com\/2022\/12\/25\/en-coulisses-le-jeune-footballeur-adel-santana-mendy-tue-par-balle-a-marseille\/\",\"name\":\"MARSEILLE - Le jeune footballeur Adel Santana Mendy tu\\u00e9 par balle | Nettali.com\",\"isPartOf\":{\"@id\":\"https:\/\/www.nettali.com\/#website\"},\"primaryImageOfPage\":{\"@id\":\"https:\/\/www.nettali.com\/2022\/12\/25\/en-coulisses-le-jeune-footballeur-adel-santana-mendy-tue-par-balle-a-marseille\/#primaryimage\"},\"datePublished\":\"2022-12-25T15:17:45+00:00\",\"dateModified\":\"2022-12-25T21:10:29+00:00\",\"author\":{\"@id\":\"https:\/\/www.nettali.com\/#\/schema\/person\/bb147657c2986240405a608162b9bb23\"},\"breadcrumb\":{\"@id\":\"https:\/\/www.nettali.com\/2022\/12\/25\/en-coulisses-le-jeune-footballeur-adel-santana-mendy-tue-par-balle-a-marseille\/#breadcrumb\"},\"inLanguage\":\"fr-FR\",\"potentialAction\":[{\"@type\":\"ReadAction\",\"target\":[\"https:\/\/www.nettali.com\/2022\/12\/25\/en-coulisses-le-jeune-footballeur-adel-santana-mendy-tue-par-balle-a-marseille\/\"]}]},{\"@type\":\"BreadcrumbList\",\"@id\":\"https:\/\/www.nettali.com\/2022\/12\/25\/en-coulisses-le-jeune-footballeur-adel-santana-mendy-tue-par-balle-a-marseille\/#breadcrumb\",\"itemListElement\":[{\"@type\":\"ListItem\",\"position\":1,\"name\":\"Accueil\",\"item\":\"https:\/\/www.nettali.com\/\"},{\"@type\":\"ListItem\",\"position\":2,\"name\":\"MARSEILLE - Le jeune footballeur Adel Santana Mendy tu\\u00e9 par balle\"}]},{\"@type\":\"Person\",\"@id\":\"https:\/\/www.nettali.com\/#\/schema\/person\/bb147657c2986240405a608162b9bb23\",\"name\":\"Ibrahima\",\"image\":{\"@type\":\"ImageObject\",\"@id\":\"https:\/\/www.nettali.com\/#personlogo\",\"inLanguage\":\"fr-FR\",\"url\":\"https:\/\/secure.gravatar.com\/avatar\/26a8a81f09f0dd7624c9d5c36c9ba3a2?s=96&d=mm&r=g\",\"contentUrl\":\"https:\/\/secure.gravatar.com\/avatar\/26a8a81f09f0dd7624c9d5c36c9ba3a2?s=96&d=mm&r=g\",\"caption\":\"Ibrahima\"},\"sameAs\":[\"https:\/\/www.nettali.com\"]}]}<\/script>\n<!-- \/ Yoast SEO Premium plugin. -->","yoast_head_json":{"title":"MARSEILLE - Le jeune footballeur Adel Santana Mendy tu\u00e9 par balle | Nettali.com","robots":{"index":"index","follow":"follow","max-snippet":"max-snippet:-1","max-image-preview":"max-image-preview:large","max-video-preview":"max-video-preview:-1"},"canonical":"https:\/\/www.nettali.com\/2022\/12\/25\/en-coulisses-le-jeune-footballeur-adel-santana-mendy-tue-par-balle-a-marseille\/","og_locale":"fr_FR","og_type":"article","og_title":"MARSEILLE - Le jeune footballeur Adel Santana Mendy tu\u00e9 par balle","og_description":"NETTALI.COM - D'origine s\u00e9n\u00e9galaise, l\u2019attaquant form\u00e9 \u00e0 l\u2019OM Adel Santana Mendy est d\u00e9c\u00e9d\u00e9 \u00e0 22 ans. Selon les informations de BFM Marseille, il a \u00e9t\u00e9 tu\u00e9 par arme \u00e0 feu dans la cit\u00e9 de la M\u00e9diterran\u00e9e \u00e0 Marseille. Le club d\u2019Aubagne FC est en deuil. Le pensionnaire de National 2 annonce le d\u00e9c\u00e8s de son [&hellip;]","og_url":"https:\/\/www.nettali.com\/2022\/12\/25\/en-coulisses-le-jeune-footballeur-adel-santana-mendy-tue-par-balle-a-marseille\/","og_site_name":"Nettali.com","article_publisher":"https:\/\/www.facebook.com\/nettalicom","article_published_time":"2022-12-25T15:17:45+00:00","article_modified_time":"2022-12-25T21:10:29+00:00","og_image":[{"width":700,"height":450,"url":"https:\/\/www.nettali.com\/wp-content\/uploads\/2022\/12\/medium_2022-12-25-18a01f9475.jpg","type":"image\/jpeg"}],"twitter_card":"summary_large_image","twitter_misc":{"\u00c9crit par":"Ibrahima","Dur\u00e9e de lecture estim\u00e9e":"2 minutes"},"schema":{"@context":"https:\/\/schema.org","@graph":[{"@type":"WebSite","@id":"https:\/\/www.nettali.com\/#website","url":"https:\/\/www.nettali.com\/","name":"Nettali.com","description":"Le rendez-vous critique du Net","potentialAction":[{"@type":"SearchAction","target":{"@type":"EntryPoint","urlTemplate":"https:\/\/www.nettali.com\/?s={search_term_string}"},"query-input":"required name=search_term_string"}],"inLanguage":"fr-FR"},{"@type":"ImageObject","@id":"https:\/\/www.nettali.com\/2022\/12\/25\/en-coulisses-le-jeune-footballeur-adel-santana-mendy-tue-par-balle-a-marseille\/#primaryimage","inLanguage":"fr-FR","url":"https:\/\/www.nettali.com\/wp-content\/uploads\/2022\/12\/medium_2022-12-25-18a01f9475.jpg","contentUrl":"https:\/\/www.nettali.com\/wp-content\/uploads\/2022\/12\/medium_2022-12-25-18a01f9475.jpg","width":700,"height":450},{"@type":"WebPage","@id":"https:\/\/www.nettali.com\/2022\/12\/25\/en-coulisses-le-jeune-footballeur-adel-santana-mendy-tue-par-balle-a-marseille\/#webpage","url":"https:\/\/www.nettali.com\/2022\/12\/25\/en-coulisses-le-jeune-footballeur-adel-santana-mendy-tue-par-balle-a-marseille\/","name":"MARSEILLE - Le jeune footballeur Adel Santana Mendy tu\u00e9 par balle | Nettali.com","isPartOf":{"@id":"https:\/\/www.nettali.com\/#website"},"primaryImageOfPage":{"@id":"https:\/\/www.nettali.com\/2022\/12\/25\/en-coulisses-le-jeune-footballeur-adel-santana-mendy-tue-par-balle-a-marseille\/#primaryimage"},"datePublished":"2022-12-25T15:17:45+00:00","dateModified":"2022-12-25T21:10:29+00:00","author":{"@id":"https:\/\/www.nettali.com\/#\/schema\/person\/bb147657c2986240405a608162b9bb23"},"breadcrumb":{"@id":"https:\/\/www.nettali.com\/2022\/12\/25\/en-coulisses-le-jeune-footballeur-adel-santana-mendy-tue-par-balle-a-marseille\/#breadcrumb"},"inLanguage":"fr-FR","potentialAction":[{"@type":"ReadAction","target":["https:\/\/www.nettali.com\/2022\/12\/25\/en-coulisses-le-jeune-footballeur-adel-santana-mendy-tue-par-balle-a-marseille\/"]}]},{"@type":"BreadcrumbList","@id":"https:\/\/www.nettali.com\/2022\/12\/25\/en-coulisses-le-jeune-footballeur-adel-santana-mendy-tue-par-balle-a-marseille\/#breadcrumb","itemListElement":[{"@type":"ListItem","position":1,"name":"Accueil","item":"https:\/\/www.nettali.com\/"},{"@type":"ListItem","position":2,"name":"MARSEILLE - Le jeune footballeur Adel Santana Mendy tu\u00e9 par balle"}]},{"@type":"Person","@id":"https:\/\/www.nettali.com\/#\/schema\/person\/bb147657c2986240405a608162b9bb23","name":"Ibrahima","image":{"@type":"ImageObject","@id":"https:\/\/www.nettali.com\/#personlogo","inLanguage":"fr-FR","url":"https:\/\/secure.gravatar.com\/avatar\/26a8a81f09f0dd7624c9d5c36c9ba3a2?s=96&d=mm&r=g","contentUrl":"https:\/\/secure.gravatar.com\/avatar\/26a8a81f09f0dd7624c9d5c36c9ba3a2?s=96&d=mm&r=g","caption":"Ibrahima"},"sameAs":["https:\/\/www.nettali.com"]}]}},"_links":{"self":[{"href":"https:\/\/www.nettali.com\/rest\/wp\/v2\/posts\/100423"}],"collection":[{"href":"https:\/\/www.nettali.com\/rest\/wp\/v2\/posts"}],"about":[{"href":"https:\/\/www.nettali.com\/rest\/wp\/v2\/types\/post"}],"author":[{"embeddable":true,"href":"https:\/\/www.nettali.com\/rest\/wp\/v2\/users\/5"}],"replies":[{"embeddable":true,"href":"https:\/\/www.nettali.com\/rest\/wp\/v2\/comments?post=100423"}],"version-history":[{"count":3,"href":"https:\/\/www.nettali.com\/rest\/wp\/v2\/posts\/100423\/revisions"}],"predecessor-version":[{"id":100436,"href":"https:\/\/www.nettali.com\/rest\/wp\/v2\/posts\/100423\/revisions\/100436"}],"wp:featuredmedia":[{"embeddable":true,"href":"https:\/\/www.nettali.com\/rest\/wp\/v2\/media\/100424"}],"wp:attachment":[{"href":"https:\/\/www.nettali.com\/rest\/wp\/v2\/media?parent=100423"}],"wp:term":[{"taxonomy":"category","embeddable":true,"href":"https:\/\/www.nettali.com\/rest\/wp\/v2\/categories?post=100423"},{"taxonomy":"post_tag","embeddable":true,"href":"https:\/\/www.nettali.com\/rest\/wp\/v2\/tags?post=100423"}],"curies":[{"name":"wp","href":"https:\/\/api.w.org\/{rel}","templated":true}]}}