{"id":100397,"date":"2022-12-25T13:49:22","date_gmt":"2022-12-25T13:49:22","guid":{"rendered":"https:\/\/www.nettali.com\/?p=100397"},"modified":"2022-12-25T13:49:22","modified_gmt":"2022-12-25T13:49:22","slug":"en-coulisses-le-representant-de-lonudi-relativise","status":"publish","type":"post","link":"https:\/\/www.nettali.com\/2022\/12\/25\/en-coulisses-le-representant-de-lonudi-relativise\/","title":{"rendered":"EN COULISSES - Le repr\u00e9sentant de l'Onudi relativise !"},"content":{"rendered":"<p><strong>NETTALI.COM -<\/strong> Que faut-il d\u00e9duire du commentaire du repr\u00e9sentant r\u00e9sident de l\u2019Onudi au S\u00e9n\u00e9gal, en Gambie, Guin\u00e9e-Bissau, au Cap Vert et au Sahel, Christophe Yvetot. Il \u00e9tait interrog\u00e9 sur le rapport de la Cour des comptes, relatif \u00e0 la gestion des fonds Force Covid-19 et ses irr\u00e9gularit\u00e9s relev\u00e9s en rapport avec la meilleure r\u00e9silience de l'Afrique par rapport \u00e0 la pand\u00e9mie.<\/p>\n<p>Sur la bonne r\u00e9sistance du continent africain face \u00e0 la pand\u00e9mie qui a fait des ravages dans le monde, l\u2019invit\u00e9 du JDD a r\u00e9pondu ceci : \u00ab <em>je n\u2019ai pas forc\u00e9ment de r\u00e9ponses. Peut-\u00eatre que les gens sont plus r\u00e9silients\u00a0? Peut-\u00eatre le climat\u00a0? En Europe, il fait plus froid. Donc, tous les gens sont enferm\u00e9s. Alors qu\u2019en Afrique, je vis depuis quatre ans au S\u00e9n\u00e9gal, c\u2019est vrai qu\u2019on a plut\u00f4t toutes les fen\u00eatres ouvertes. On vit dehors aussi beaucoup<\/em>.\u00bb<\/p>\n<p>En plus de cela, poursuit-il, \u00ab <em>il y a une population tr\u00e8s jeune. Il ne faut pas oublier non plus que le plus gros des d\u00e9c\u00e8s, c\u2019est chez les personnes \u00e2g\u00e9es. Au-dessus de 65 ans, la proportion n\u2019est pas aussi importante en Afrique. Par contre, en Europe maintenant, c\u2019est pratiquement 20 \u00e0 30% de la population qui a plus de 60 ans. Donc, si vous regardez le nombre de d\u00e9c\u00e8s, c\u2019est quand m\u00eame la population \u00e2g\u00e9e qui \u00e9tait plus touch\u00e9e<\/em> \u00bb.<\/p>\n<p>De quoi ne pas trop bomber le torse surtout que certains journaux avaient fait \u00e9tat de chiffres gonfl\u00e9s. Tout cela ne pas dire qu'une grande opacit\u00e9 et n\u00e9buleuse ont entour\u00e9 l'op\u00e9ration de lutte contre la pand\u00e9mie.<\/p>\n<div class='share-to-whatsapp-wrapper'><div class='share-on-whsp'>PARTAGER SUR : <\/div><a data-text='EN COULISSES - Le repr\u00e9sentant de l'Onudi relativise !' data-link='https:\/\/www.nettali.com\/2022\/12\/25\/en-coulisses-le-representant-de-lonudi-relativise\/' class='whatsapp-button whatsapp-share'>WhatsApp<\/a><div class='clear '><\/div><\/div>","protected":false},"excerpt":{"rendered":"<p>NETTALI.COM - Que faut-il d\u00e9duire du commentaire du repr\u00e9sentant r\u00e9sident de l\u2019Onudi au S\u00e9n\u00e9gal, en Gambie, Guin\u00e9e-Bissau, au Cap Vert et au Sahel, Christophe Yvetot. Il \u00e9tait interrog\u00e9 sur le rapport de la Cour des comptes, relatif \u00e0 la gestion des fonds Force Covid-19 et ses irr\u00e9gularit\u00e9s relev\u00e9s en rapport avec la meilleure r\u00e9silience de [&hellip;]<\/p>\n","protected":false},"author":2,"featured_media":100387,"comment_status":"open","ping_status":"open","sticky":false,"template":"","format":"standard","meta":{"_et_pb_use_builder":"","_et_pb_old_content":""},"categories":[34945],"tags":[],"yoast_head":"<!-- This site is optimized with the Yoast SEO Premium plugin v17.8 (Yoast SEO v17.8) - https:\/\/yoast.com\/wordpress\/plugins\/seo\/ -->\n<title>EN COULISSES - Le repr\u00e9sentant de l&#039;Onudi relativise ! | Nettali.com<\/title>\n<meta name=\"robots\" content=\"index, follow, max-snippet:-1, max-image-preview:large, max-video-preview:-1\" \/>\n<link rel=\"canonical\" href=\"https:\/\/www.nettali.com\/2022\/12\/25\/en-coulisses-le-representant-de-lonudi-relativise\/\" \/>\n<meta property=\"og:locale\" content=\"fr_FR\" \/>\n<meta property=\"og:type\" content=\"article\" \/>\n<meta property=\"og:title\" content=\"EN COULISSES - Le repr\u00e9sentant de l&#039;Onudi relativise !\" \/>\n<meta property=\"og:description\" content=\"NETTALI.COM - Que faut-il d\u00e9duire du commentaire du repr\u00e9sentant r\u00e9sident de l\u2019Onudi au S\u00e9n\u00e9gal, en Gambie, Guin\u00e9e-Bissau, au Cap Vert et au Sahel, Christophe Yvetot. Il \u00e9tait interrog\u00e9 sur le rapport de la Cour des comptes, relatif \u00e0 la gestion des fonds Force Covid-19 et ses irr\u00e9gularit\u00e9s relev\u00e9s en rapport avec la meilleure r\u00e9silience de [&hellip;]\" \/>\n<meta property=\"og:url\" content=\"https:\/\/www.nettali.com\/2022\/12\/25\/en-coulisses-le-representant-de-lonudi-relativise\/\" \/>\n<meta property=\"og:site_name\" content=\"Nettali.com\" \/>\n<meta property=\"article:publisher\" content=\"https:\/\/www.facebook.com\/nettalicom\" \/>\n<meta property=\"article:published_time\" content=\"2022-12-25T13:49:22+00:00\" \/>\n<meta property=\"og:image\" content=\"https:\/\/www.nettali.com\/wp-content\/uploads\/2022\/12\/IMG-20221225-WA0003.jpg\" \/>\n\t<meta property=\"og:image:width\" content=\"755\" \/>\n\t<meta property=\"og:image:height\" content=\"449\" \/>\n<meta name=\"twitter:card\" content=\"summary_large_image\" \/>\n<meta name=\"twitter:label1\" content=\"\u00c9crit par\" \/>\n\t<meta name=\"twitter:data1\" content=\"CK\" \/>\n\t<meta name=\"twitter:label2\" content=\"Dur\u00e9e de lecture estim\u00e9e\" \/>\n\t<meta name=\"twitter:data2\" content=\"2 minutes\" \/>\n<script type=\"application\/ld+json\" class=\"yoast-schema-graph\">{\"@context\":\"https:\/\/schema.org\",\"@graph\":[{\"@type\":\"WebSite\",\"@id\":\"https:\/\/www.nettali.com\/#website\",\"url\":\"https:\/\/www.nettali.com\/\",\"name\":\"Nettali.com\",\"description\":\"Le rendez-vous critique du Net\",\"potentialAction\":[{\"@type\":\"SearchAction\",\"target\":{\"@type\":\"EntryPoint\",\"urlTemplate\":\"https:\/\/www.nettali.com\/?s={search_term_string}\"},\"query-input\":\"required name=search_term_string\"}],\"inLanguage\":\"fr-FR\"},{\"@type\":\"ImageObject\",\"@id\":\"https:\/\/www.nettali.com\/2022\/12\/25\/en-coulisses-le-representant-de-lonudi-relativise\/#primaryimage\",\"inLanguage\":\"fr-FR\",\"url\":\"https:\/\/www.nettali.com\/wp-content\/uploads\/2022\/12\/IMG-20221225-WA0003.jpg\",\"contentUrl\":\"https:\/\/www.nettali.com\/wp-content\/uploads\/2022\/12\/IMG-20221225-WA0003.jpg\",\"width\":755,\"height\":449},{\"@type\":\"WebPage\",\"@id\":\"https:\/\/www.nettali.com\/2022\/12\/25\/en-coulisses-le-representant-de-lonudi-relativise\/#webpage\",\"url\":\"https:\/\/www.nettali.com\/2022\/12\/25\/en-coulisses-le-representant-de-lonudi-relativise\/\",\"name\":\"EN COULISSES - Le repr\\u00e9sentant de l'Onudi relativise ! | Nettali.com\",\"isPartOf\":{\"@id\":\"https:\/\/www.nettali.com\/#website\"},\"primaryImageOfPage\":{\"@id\":\"https:\/\/www.nettali.com\/2022\/12\/25\/en-coulisses-le-representant-de-lonudi-relativise\/#primaryimage\"},\"datePublished\":\"2022-12-25T13:49:22+00:00\",\"dateModified\":\"2022-12-25T13:49:22+00:00\",\"author\":{\"@id\":\"https:\/\/www.nettali.com\/#\/schema\/person\/d8ac7b7e27ddad43f1c0d2ef090d7f71\"},\"breadcrumb\":{\"@id\":\"https:\/\/www.nettali.com\/2022\/12\/25\/en-coulisses-le-representant-de-lonudi-relativise\/#breadcrumb\"},\"inLanguage\":\"fr-FR\",\"potentialAction\":[{\"@type\":\"ReadAction\",\"target\":[\"https:\/\/www.nettali.com\/2022\/12\/25\/en-coulisses-le-representant-de-lonudi-relativise\/\"]}]},{\"@type\":\"BreadcrumbList\",\"@id\":\"https:\/\/www.nettali.com\/2022\/12\/25\/en-coulisses-le-representant-de-lonudi-relativise\/#breadcrumb\",\"itemListElement\":[{\"@type\":\"ListItem\",\"position\":1,\"name\":\"Accueil\",\"item\":\"https:\/\/www.nettali.com\/\"},{\"@type\":\"ListItem\",\"position\":2,\"name\":\"EN COULISSES - Le repr\\u00e9sentant de l'Onudi relativise !\"}]},{\"@type\":\"Person\",\"@id\":\"https:\/\/www.nettali.com\/#\/schema\/person\/d8ac7b7e27ddad43f1c0d2ef090d7f71\",\"name\":\"CK\",\"image\":{\"@type\":\"ImageObject\",\"@id\":\"https:\/\/www.nettali.com\/#personlogo\",\"inLanguage\":\"fr-FR\",\"url\":\"https:\/\/secure.gravatar.com\/avatar\/1d8d5118b9327d94da7cd4ce7f17fec2?s=96&d=mm&r=g\",\"contentUrl\":\"https:\/\/secure.gravatar.com\/avatar\/1d8d5118b9327d94da7cd4ce7f17fec2?s=96&d=mm&r=g\",\"caption\":\"CK\"},\"sameAs\":[\"https:\/\/www.nettali.com\"]}]}<\/script>\n<!-- \/ Yoast SEO Premium plugin. -->","yoast_head_json":{"title":"EN COULISSES - Le repr\u00e9sentant de l'Onudi relativise ! | Nettali.com","robots":{"index":"index","follow":"follow","max-snippet":"max-snippet:-1","max-image-preview":"max-image-preview:large","max-video-preview":"max-video-preview:-1"},"canonical":"https:\/\/www.nettali.com\/2022\/12\/25\/en-coulisses-le-representant-de-lonudi-relativise\/","og_locale":"fr_FR","og_type":"article","og_title":"EN COULISSES - Le repr\u00e9sentant de l'Onudi relativise !","og_description":"NETTALI.COM - Que faut-il d\u00e9duire du commentaire du repr\u00e9sentant r\u00e9sident de l\u2019Onudi au S\u00e9n\u00e9gal, en Gambie, Guin\u00e9e-Bissau, au Cap Vert et au Sahel, Christophe Yvetot. Il \u00e9tait interrog\u00e9 sur le rapport de la Cour des comptes, relatif \u00e0 la gestion des fonds Force Covid-19 et ses irr\u00e9gularit\u00e9s relev\u00e9s en rapport avec la meilleure r\u00e9silience de [&hellip;]","og_url":"https:\/\/www.nettali.com\/2022\/12\/25\/en-coulisses-le-representant-de-lonudi-relativise\/","og_site_name":"Nettali.com","article_publisher":"https:\/\/www.facebook.com\/nettalicom","article_published_time":"2022-12-25T13:49:22+00:00","og_image":[{"width":755,"height":449,"url":"https:\/\/www.nettali.com\/wp-content\/uploads\/2022\/12\/IMG-20221225-WA0003.jpg","type":"image\/jpeg"}],"twitter_card":"summary_large_image","twitter_misc":{"\u00c9crit par":"CK","Dur\u00e9e de lecture estim\u00e9e":"2 minutes"},"schema":{"@context":"https:\/\/schema.org","@graph":[{"@type":"WebSite","@id":"https:\/\/www.nettali.com\/#website","url":"https:\/\/www.nettali.com\/","name":"Nettali.com","description":"Le rendez-vous critique du Net","potentialAction":[{"@type":"SearchAction","target":{"@type":"EntryPoint","urlTemplate":"https:\/\/www.nettali.com\/?s={search_term_string}"},"query-input":"required name=search_term_string"}],"inLanguage":"fr-FR"},{"@type":"ImageObject","@id":"https:\/\/www.nettali.com\/2022\/12\/25\/en-coulisses-le-representant-de-lonudi-relativise\/#primaryimage","inLanguage":"fr-FR","url":"https:\/\/www.nettali.com\/wp-content\/uploads\/2022\/12\/IMG-20221225-WA0003.jpg","contentUrl":"https:\/\/www.nettali.com\/wp-content\/uploads\/2022\/12\/IMG-20221225-WA0003.jpg","width":755,"height":449},{"@type":"WebPage","@id":"https:\/\/www.nettali.com\/2022\/12\/25\/en-coulisses-le-representant-de-lonudi-relativise\/#webpage","url":"https:\/\/www.nettali.com\/2022\/12\/25\/en-coulisses-le-representant-de-lonudi-relativise\/","name":"EN COULISSES - Le repr\u00e9sentant de l'Onudi relativise ! | Nettali.com","isPartOf":{"@id":"https:\/\/www.nettali.com\/#website"},"primaryImageOfPage":{"@id":"https:\/\/www.nettali.com\/2022\/12\/25\/en-coulisses-le-representant-de-lonudi-relativise\/#primaryimage"},"datePublished":"2022-12-25T13:49:22+00:00","dateModified":"2022-12-25T13:49:22+00:00","author":{"@id":"https:\/\/www.nettali.com\/#\/schema\/person\/d8ac7b7e27ddad43f1c0d2ef090d7f71"},"breadcrumb":{"@id":"https:\/\/www.nettali.com\/2022\/12\/25\/en-coulisses-le-representant-de-lonudi-relativise\/#breadcrumb"},"inLanguage":"fr-FR","potentialAction":[{"@type":"ReadAction","target":["https:\/\/www.nettali.com\/2022\/12\/25\/en-coulisses-le-representant-de-lonudi-relativise\/"]}]},{"@type":"BreadcrumbList","@id":"https:\/\/www.nettali.com\/2022\/12\/25\/en-coulisses-le-representant-de-lonudi-relativise\/#breadcrumb","itemListElement":[{"@type":"ListItem","position":1,"name":"Accueil","item":"https:\/\/www.nettali.com\/"},{"@type":"ListItem","position":2,"name":"EN COULISSES - Le repr\u00e9sentant de l'Onudi relativise !"}]},{"@type":"Person","@id":"https:\/\/www.nettali.com\/#\/schema\/person\/d8ac7b7e27ddad43f1c0d2ef090d7f71","name":"CK","image":{"@type":"ImageObject","@id":"https:\/\/www.nettali.com\/#personlogo","inLanguage":"fr-FR","url":"https:\/\/secure.gravatar.com\/avatar\/1d8d5118b9327d94da7cd4ce7f17fec2?s=96&d=mm&r=g","contentUrl":"https:\/\/secure.gravatar.com\/avatar\/1d8d5118b9327d94da7cd4ce7f17fec2?s=96&d=mm&r=g","caption":"CK"},"sameAs":["https:\/\/www.nettali.com"]}]}},"_links":{"self":[{"href":"https:\/\/www.nettali.com\/rest\/wp\/v2\/posts\/100397"}],"collection":[{"href":"https:\/\/www.nettali.com\/rest\/wp\/v2\/posts"}],"about":[{"href":"https:\/\/www.nettali.com\/rest\/wp\/v2\/types\/post"}],"author":[{"embeddable":true,"href":"https:\/\/www.nettali.com\/rest\/wp\/v2\/users\/2"}],"replies":[{"embeddable":true,"href":"https:\/\/www.nettali.com\/rest\/wp\/v2\/comments?post=100397"}],"version-history":[{"count":3,"href":"https:\/\/www.nettali.com\/rest\/wp\/v2\/posts\/100397\/revisions"}],"predecessor-version":[{"id":100402,"href":"https:\/\/www.nettali.com\/rest\/wp\/v2\/posts\/100397\/revisions\/100402"}],"wp:featuredmedia":[{"embeddable":true,"href":"https:\/\/www.nettali.com\/rest\/wp\/v2\/media\/100387"}],"wp:attachment":[{"href":"https:\/\/www.nettali.com\/rest\/wp\/v2\/media?parent=100397"}],"wp:term":[{"taxonomy":"category","embeddable":true,"href":"https:\/\/www.nettali.com\/rest\/wp\/v2\/categories?post=100397"},{"taxonomy":"post_tag","embeddable":true,"href":"https:\/\/www.nettali.com\/rest\/wp\/v2\/tags?post=100397"}],"curies":[{"name":"wp","href":"https:\/\/api.w.org\/{rel}","templated":true}]}}