{"id":100371,"date":"2022-12-28T07:21:47","date_gmt":"2022-12-28T07:21:47","guid":{"rendered":"https:\/\/www.nettali.com\/?p=100371"},"modified":"2022-12-28T12:01:42","modified_gmt":"2022-12-28T12:01:42","slug":"retro-societe-2022-labecedaire-dune-annee-bouillonnante-et-sanglante","status":"publish","type":"post","link":"https:\/\/www.nettali.com\/2022\/12\/28\/retro-societe-2022-labecedaire-dune-annee-bouillonnante-et-sanglante\/","title":{"rendered":"RETRO SOCIETE 2022- L'ab\u00e9c\u00e9daire d'une ann\u00e9e bouillonnante et sanglante\u00a0"},"content":{"rendered":"<p><strong>NETTALI.COM- L\u2019ann\u00e9e 2022 qui tire \u00e0 sa fin est marqu\u00e9e par beaucoup d\u2019\u00e9v\u00e8nements qui ont tenu en haleine la population. Nettali repasse sur certains faits saillants et bouillonnants.<\/strong><\/p>\n<h2><span style=\"color: #ff0000;\"><strong>A Comme Affaire Adji Sarr \/ Ousmane Sonko<\/strong><\/span><img loading=\"lazy\" class=\"alignnone size-full wp-image-99209\" src=\"https:\/\/www.nettali.com\/wp-content\/uploads\/2022\/12\/ousmane-sonko-et-adji-sarr-.jpg\" alt=\"\" width=\"1022\" height=\"657\" srcset=\"https:\/\/www.nettali.com\/wp-content\/uploads\/2022\/12\/ousmane-sonko-et-adji-sarr-.jpg 1022w, https:\/\/www.nettali.com\/wp-content\/uploads\/2022\/12\/ousmane-sonko-et-adji-sarr--300x193.jpg 300w, https:\/\/www.nettali.com\/wp-content\/uploads\/2022\/12\/ousmane-sonko-et-adji-sarr--768x494.jpg 768w\" sizes=\"(max-width: 1022px) 100vw, 1022px\" \/><\/h2>\n<p>Cette affaire relative aux accusations de viol et de menace de mort port\u00e9es par la jeune masseuse contre le leader de Pastef qui a \u00e9clat\u00e9 en mars 2021, a continu\u00e9 en 2022 \u00e0 tenir en haleine l\u2019opinion. Le dossier qui semblait dormir dans les tiroirs du premier cabinet d\u2019instruction, est d\u00e9poussi\u00e9r\u00e9 le 22 mars 2022 avec l\u2019audition de la patronne du salon de massage Sweet Beauty. Un mois plus tard, Nd\u00e8ye Khady Ndiaye, inculp\u00e9e pour prox\u00e9n\u00e9tisme, sera confront\u00e9e \u00e0 Adji Sarr. Laquelle, le 6 d\u00e9cembre a fait face \u00e0 Ousmane Sonko. Les auditions des t\u00e9moins s'en sont poursuivies, avec chaque jour son lot de r\u00e9v\u00e9lations. En cette ann\u00e9e finissante, le Doyen des juges est sur le point de boucler l'instruction puisqu'il a envoy\u00e9 un avis de cl\u00f4ture au parquet.<\/p>\n<h2><strong><span style=\"color: #ff0000;\">A (Bis) Comme accident<\/span><img loading=\"lazy\" class=\"alignnone size-full wp-image-94696\" src=\"https:\/\/www.nettali.com\/wp-content\/uploads\/2022\/09\/accident-camion-taxi-yoff-01_5744.jpeg\" alt=\"\" width=\"720\" height=\"480\" srcset=\"https:\/\/www.nettali.com\/wp-content\/uploads\/2022\/09\/accident-camion-taxi-yoff-01_5744.jpeg 720w, https:\/\/www.nettali.com\/wp-content\/uploads\/2022\/09\/accident-camion-taxi-yoff-01_5744-300x200.jpeg 300w\" sizes=\"(max-width: 720px) 100vw, 720px\" \/><\/strong><\/h2>\n<p>Les accidents de la circulation continuent de hanter le sommeil des populations et des autorit\u00e9s avec des chiffres qui font froid dans le dos. Selon l\u2019Agence nationale de s\u00e9curit\u00e9 routi\u00e8re (Anaser) du 1<sup>er<\/sup> janvier au 3 septembre 2022, 519 d\u00e9c\u00e8s d\u00fbs \u00e0 des accidents de la route sont d\u00e9nombr\u00e9s : 33 ont \u00e9t\u00e9 enregistr\u00e9s dans le cadre du bilan du Magal de Touba 2022. Rien que pour la journ\u00e9e du 27 septembres, 15 morts dont deux b\u00e9b\u00e9s avaient \u00e9t\u00e9 d\u00e9compt\u00e9s.<\/p>\n<h2><span style=\"color: #ff0000;\"><strong>B Comme Boffa Bayote<\/strong><\/span><\/h2>\n<p><img loading=\"lazy\" class=\"alignnone size-full wp-image-100418\" src=\"https:\/\/www.nettali.com\/wp-content\/uploads\/2022\/12\/boffa-bayotte.jpeg\" alt=\"\" width=\"638\" height=\"380\" srcset=\"https:\/\/www.nettali.com\/wp-content\/uploads\/2022\/12\/boffa-bayotte.jpeg 638w, https:\/\/www.nettali.com\/wp-content\/uploads\/2022\/12\/boffa-bayotte-300x179.jpeg 300w\" sizes=\"(max-width: 638px) 100vw, 638px\" \/><\/p>\n<p>Incarc\u00e9r\u00e9es depuis 2018, les personnes interpell\u00e9es dans la tuerie de Boffa Bayote, avec treize coupeurs de bois froidement abattus, ont connu le d\u00e9nouement en 2022. En janvier, 12 parmi les 25 emprisonn\u00e9es ont b\u00e9n\u00e9fici\u00e9 d\u2019un non-lieu, apr\u00e8s quatre ann\u00e9es de d\u00e9tention pr\u00e9ventive. Sur les 12 inculp\u00e9s renvoy\u00e9s en jugement, les trois ont \u00e9t\u00e9 condamn\u00e9s \u00e0 la r\u00e9clusion criminelle \u00e0 la perp\u00e9tuit\u00e9 pour association de malfaiteurs, participation \u00e0 un mouvement insurrectionnel et complicit\u00e9 d\u2019assassinat. Il s\u2019agit du journaliste Ren\u00e9 Capin Bass\u00e8ne, le chef rebelle C\u00e9sar Atoute Badiate et Oumar Ampo\u00ef Bodian, pr\u00e9sent\u00e9 comme membre du MFDC. Deux accus\u00e9s ont \u00e9cop\u00e9 de six mois assortis du sursis pour d\u00e9tention d\u2019armes sans autorisation tandis que dix sont acquitt\u00e9s.<\/p>\n<h2><strong><span style=\"color: #ff0000;\">B (Bis) Bracelet \u00e9lectronique<\/span><img loading=\"lazy\" class=\"alignnone size-large wp-image-100419\" src=\"https:\/\/www.nettali.com\/wp-content\/uploads\/2022\/12\/WhatsApp-Image-2022-11-15-at-15.53.47-2-1024x576.jpeg\" alt=\"\" width=\"1024\" height=\"576\" srcset=\"https:\/\/www.nettali.com\/wp-content\/uploads\/2022\/12\/WhatsApp-Image-2022-11-15-at-15.53.47-2-1024x576.jpeg 1024w, https:\/\/www.nettali.com\/wp-content\/uploads\/2022\/12\/WhatsApp-Image-2022-11-15-at-15.53.47-2-300x169.jpeg 300w, https:\/\/www.nettali.com\/wp-content\/uploads\/2022\/12\/WhatsApp-Image-2022-11-15-at-15.53.47-2-768x432.jpeg 768w, https:\/\/www.nettali.com\/wp-content\/uploads\/2022\/12\/WhatsApp-Image-2022-11-15-at-15.53.47-2.jpeg 1080w\" sizes=\"(max-width: 1024px) 100vw, 1024px\" \/> <\/strong><\/h2>\n<p>Introduit dans son syst\u00e8me p\u00e9nal en 2020, le port du bracelet \u00e9lectronique a connu des avanc\u00e9es dans la perspective de son application. Le 15 novembre 2022, ont \u00e9t\u00e9 lanc\u00e9es les activit\u00e9s du Centre de surveillance \u00e9lectronique, charg\u00e9 du contr\u00f4le \u00e0 distance des personnes plac\u00e9es sous surveillance \u00e9lectronique sur d\u00e9cision de justice. A l\u2019occasion, le ministre de la Justice, le Pr Isma\u00efla Madior, a annonc\u00e9 que 1000 bracelets sont d\u00e9j\u00e0 disponibles.<\/p>\n<h2><span style=\"color: #ff0000;\"><strong>C Comme Cours des Comptes<\/strong><\/span><\/h2>\n<p><img loading=\"lazy\" class=\"alignnone size-full wp-image-99983\" src=\"https:\/\/www.nettali.com\/wp-content\/uploads\/2022\/12\/Capture-de\u0301cran-2022-12-19-a\u0300-07.59.00.png\" alt=\"\" width=\"779\" height=\"464\" srcset=\"https:\/\/www.nettali.com\/wp-content\/uploads\/2022\/12\/Capture-de\u0301cran-2022-12-19-a\u0300-07.59.00.png 779w, https:\/\/www.nettali.com\/wp-content\/uploads\/2022\/12\/Capture-de\u0301cran-2022-12-19-a\u0300-07.59.00-300x179.png 300w, https:\/\/www.nettali.com\/wp-content\/uploads\/2022\/12\/Capture-de\u0301cran-2022-12-19-a\u0300-07.59.00-768x457.png 768w\" sizes=\"(max-width: 779px) 100vw, 779px\" \/><\/p>\n<p>La juridiction charg\u00e9e du contr\u00f4le des d\u00e9penses publiques est sous le feu de la rampe durant ce mois d\u00e9cembre avec la publication du rapport sur la gestion des 1000 milliards de Cfa du Covid. La Cour des comptes est m\u00eame honnie pour avoir d\u00e9busqu\u00e9 de graves malversations et en recommandant l\u2019ouverture d\u2019information judiciaire contre 12 Dage pour gestion n\u00e9buleuse des fonds. Les personnes cit\u00e9es se ruent dans les m\u00e9dias pour se disculper.<\/p>\n<h2><strong><span style=\"color: #ff0000;\">D comme D\u00e9put\u00e9s <\/span><\/strong><\/h2>\n<p><strong><img loading=\"lazy\" class=\"alignnone size-full wp-image-98925\" src=\"https:\/\/www.nettali.com\/wp-content\/uploads\/2022\/12\/violence-assemblee.jpeg\" alt=\"\" width=\"655\" height=\"400\" srcset=\"https:\/\/www.nettali.com\/wp-content\/uploads\/2022\/12\/violence-assemblee.jpeg 655w, https:\/\/www.nettali.com\/wp-content\/uploads\/2022\/12\/violence-assemblee-300x183.jpeg 300w\" sizes=\"(max-width: 655px) 100vw, 655px\" \/><\/strong><\/p>\n<p>Les d\u00e9put\u00e9s du Pur, en l\u2019occurrence Massata Samb et Mamadou Niang, n\u2019oublieront pas l\u2019ann\u00e9e 2022. C\u2019est certes l\u2019ann\u00e9e o\u00f9 ils ont \u00e9t\u00e9 \u00e9lus parlementaire de la 14e l\u00e9gislature, mais \u00e9galement, c\u2019est l\u2019ann\u00e9e o\u00f9 ils ont \u00e9t\u00e9 tristement c\u00e9l\u00e8bres pour avoir lev\u00e9 la main sur une dame. Ces derniers ont \u00e9t\u00e9 inculp\u00e9s et plac\u00e9s sous mandat de d\u00e9p\u00f4ts pour coups et blessures volontaires sur une personne vuln\u00e9rable ayant entra\u00een\u00e9 une incapacit\u00e9 temporaire de travail de 23 jours et menaces de mort. En d\u2019autres termes, ils sont accus\u00e9s d\u2019avoir tabass\u00e9 leur coll\u00e8gue de la coalition de la majorit\u00e9 pr\u00e9sidentielle, Amy Ndiaye Gniby. Jug\u00e9s, ils risquent 2 ans de prison ferme et seront fix\u00e9s sur leur sort le 02 janvier prochain.<\/p>\n<p>Ces deux d\u00e9put\u00e9s du groupe Yaw ne sont pas les seuls parlementaires \u00e0 avoir s\u00e9journ\u00e9 en prison. D\u00e9thi\u00e9 Fall, Mame Diarra Fam, Guy Marius Sagna et Ameth A\u00efdara avaient \u00e9t\u00e9 \u00e9crou\u00e9s le 20 juin 2022 pour les faits de participation \u00e0 une manifestation non autoris\u00e9 et trouble \u00e0 l\u2019ordre publique. Apr\u00e8s une semaine en prison, D\u00e9thi\u00e9 Fall a \u00e9t\u00e9 condamn\u00e9 \u00e0 six mois assortis du sursis et \u00e0 une amende de 100.000 FCfa. Mame Diarra Fam a \u00e9t\u00e9 relax\u00e9e. Ameth A\u00efdara jug\u00e9 \u00e0 Pikine a \u00e9cop\u00e9 d\u2019un mois assorti du sursis et d\u2019une amende de 50.000 FCfa. Jug\u00e9 \u00e0 Ziguinchor, Guy Marius Sagna avait pris un mois de sursis et une amende 80.000 FCfa.<\/p>\n<h2><span style=\"color: #ff0000;\"><strong>D (Bis) comme Disparition<\/strong><\/span><\/h2>\n<p><strong> <img loading=\"lazy\" class=\"alignnone size-full wp-image-100420\" src=\"https:\/\/www.nettali.com\/wp-content\/uploads\/2022\/12\/Didier-badji-fulbert-sambou.jpeg\" alt=\"\" width=\"489\" height=\"277\" srcset=\"https:\/\/www.nettali.com\/wp-content\/uploads\/2022\/12\/Didier-badji-fulbert-sambou.jpeg 489w, https:\/\/www.nettali.com\/wp-content\/uploads\/2022\/12\/Didier-badji-fulbert-sambou-300x170.jpeg 300w\" sizes=\"(max-width: 489px) 100vw, 489px\" \/><\/strong><\/p>\n<p>Deux agents de renseignements qui disparaissent subitement. Il s\u2019agit de l\u2019Adjudant-chef de la gendarmerie Didier Badji, agent du Groupe d'intervention de la gendarmerie nationale (GIGN) en service \u00e0 l\u2019inspection G\u00e9n\u00e9rale d\u2019\u00c9tat et le Sergent Fulbert Sambou de la Direction des Renseignements militaires. Selon un communiqu\u00e9 du parquet, la disparition des susnomm\u00e9s a \u00e9t\u00e9 signal\u00e9e dans la soir\u00e9e du samedi 19 novembre 2022. D\u2019apr\u00e8s le document, \u00ab\u2009la g\u00e9olocalisation des appareils des disparus avait permis de les situer cons\u00e9cutivement au niveau des falaises rocheuses du Cap Manuel o\u00f9 ont \u00e9t\u00e9 retrouv\u00e9s un filet de p\u00eache tendu, des restes d\u2019app\u00e2t de crevettes ainsi que des chaussures appartenant aux susnomm\u00e9s\u2009\u00bb.<\/p>\n<p>Le corps sans vie du Sergent Fulbert Sambou a \u00e9t\u00e9 rep\u00each\u00e9 deux jours apr\u00e8s, par des \u00e9l\u00e9ments de la marine nationale et identifi\u00e9 par sa famille. Quant \u00e0 l\u2019adjudant-chef Didier Badji, il n\u2019a pas encore \u00e9t\u00e9 retrouv\u00e9. Cette affaire a envoy\u00e9 en prison Fadilou Ke\u00efta, fils de Nafi Ngom Ke\u00efta, ancienne pr\u00e9sidente de l\u2019Ofnac. Le coordonnateur de \u00ab Nemekou Tour \u00bb a \u00e9t\u00e9 \u00e9crou\u00e9 pour diffusion de fausses nouvelles. Le 25 novembre, il a, dans une tribune, d\u00e9nonc\u00e9 les circonstances des deux disparitions en r\u00e9v\u00e9lant que le sergent Badji fut charg\u00e9 de la s\u00e9curit\u00e9 de sa m\u00e8re pendant 18 ans.<\/p>\n<h2><span style=\"color: #ff0000;\"><strong>E comme enl\u00e8vement<\/strong><\/span><\/h2>\n<p><img loading=\"lazy\" class=\"alignnone size-full wp-image-100421\" src=\"https:\/\/www.nettali.com\/wp-content\/uploads\/2022\/12\/bebe-aicha.jpeg\" alt=\"\" width=\"1024\" height=\"576\" srcset=\"https:\/\/www.nettali.com\/wp-content\/uploads\/2022\/12\/bebe-aicha.jpeg 1024w, https:\/\/www.nettali.com\/wp-content\/uploads\/2022\/12\/bebe-aicha-300x169.jpeg 300w, https:\/\/www.nettali.com\/wp-content\/uploads\/2022\/12\/bebe-aicha-768x432.jpeg 768w\" sizes=\"(max-width: 1024px) 100vw, 1024px\" \/>Qui n\u2019a pas \u00e9t\u00e9 boulevers\u00e9 par l\u2019enl\u00e8vement de b\u00e9b\u00e9 Aicha au mois de juin de 2022. Le rapt de cette fillette \u00e2g\u00e9e d\u2019un an et demi \u00e0 Pikine avait \u00e9mu beaucoup de S\u00e9n\u00e9galais. D\u2019intenses recherches ont \u00e9t\u00e9 effectu\u00e9es par les agents enqu\u00eateurs qui ont, finalement, r\u00e9ussi \u00e0 mettre la main sur la ravisseuse de la fillette. La mise en cause, Sira Diallo, avait enlev\u00e9 l\u2019enfant devant son domicile \u00e0 10h 30. Des vid\u00e9os \u00e9taient disponibles sur la toile, montrant la dame avec le b\u00e9b\u00e9.\u00a0 Arr\u00eat\u00e9e, la ravisseuse de b\u00e9b\u00e9 Aicha a \u00e9t\u00e9 d\u00e9f\u00e9r\u00e9e au Parquet de Pikine\u2013Gu\u00e9diawaye. Elle est poursuivie pour s\u00e9questration et enl\u00e8vement d\u2019enfant.<\/p>\n<h2><span style=\"color: #ff0000;\"><strong>F comme Forces sp\u00e9ciales <\/strong><\/span><\/h2>\n<p><img loading=\"lazy\" class=\"alignnone size-large wp-image-88968\" src=\"https:\/\/www.nettali.com\/wp-content\/uploads\/2022\/06\/manca-1024x768.jpg\" alt=\"\" width=\"1024\" height=\"768\" srcset=\"https:\/\/www.nettali.com\/wp-content\/uploads\/2022\/06\/manca-1024x768.jpg 1024w, https:\/\/www.nettali.com\/wp-content\/uploads\/2022\/06\/manca-300x225.jpg 300w, https:\/\/www.nettali.com\/wp-content\/uploads\/2022\/06\/manca-768x576.jpg 768w, https:\/\/www.nettali.com\/wp-content\/uploads\/2022\/06\/manca-1080x810.jpg 1080w, https:\/\/www.nettali.com\/wp-content\/uploads\/2022\/06\/manca.jpg 1280w\" sizes=\"(max-width: 1024px) 100vw, 1024px\" \/>Le 29 juin 2022, une dizaine de personnes identifi\u00e9es comme membres du groupe \u00ab Force sp\u00e9ciale \u00bb ont \u00e9t\u00e9 plac\u00e9es sous mandat de d\u00e9p\u00f4t pour, entre autres, complot contre l\u2019autorit\u00e9 de l\u2019Etat, actes de nature \u00e0 occasionner des troubles \u00e0 l\u2019ordre public graves, association de malfaiteurs avec une entreprise terroriste, d\u00e9tention et transport de produits et substances incendiaires en vue de la commission d\u2019actes en rapport avec une entreprise terroriste. Ils sont soup\u00e7onn\u00e9s d\u2019avoir voulu semer le chaos \u00e0 Dakar lors de la manifestation interdite de Yewwi Askan Wi le 17 juin 2022. Ils \u00e9taient au nombre de 11 mais l\u2019un d\u2019entre eux n\u2019a pas \u00e9t\u00e9 d\u00e9f\u00e9r\u00e9. Il s\u2019agit de Fran\u00e7ois Mancabou qui, pr\u00e9sentant des probl\u00e8mes de sant\u00e9, avait \u00e9t\u00e9 transf\u00e9r\u00e9 \u00e0 l\u2019h\u00f4pital pour des soins m\u00e9dicaux. Il a finalement rendu l\u2019\u00e2me. Pape Mamadou Seck, autre membre pr\u00e9sum\u00e9 de la \u00ab Force sp\u00e9ciale \u00bb a \u00e9galement fait parler de lui. Celui-ci, transf\u00e9r\u00e9 au Pavillon sp\u00e9cial de l\u2019h\u00f4pital Le Dantec pour une pathologie s\u00e9v\u00e8re, avait r\u00e9ussi \u00e0 s\u2019\u00e9vader pendant plusieurs jours. Il a \u00e9t\u00e9 repris et r\u00e9int\u00e9gr\u00e9 en d\u00e9tention le dimanche 24 juillet 2022.<\/p>\n<h2><span style=\"color: #ff0000;\"><strong>G Comme Gardes du corps<\/strong><\/span><\/h2>\n<p><strong><img loading=\"lazy\" class=\"alignnone size-full wp-image-97023\" src=\"https:\/\/www.nettali.com\/wp-content\/uploads\/2022\/11\/sonko-et-garde-du-corps.jpeg\" alt=\"\" width=\"828\" height=\"636\" srcset=\"https:\/\/www.nettali.com\/wp-content\/uploads\/2022\/11\/sonko-et-garde-du-corps.jpeg 828w, https:\/\/www.nettali.com\/wp-content\/uploads\/2022\/11\/sonko-et-garde-du-corps-300x230.jpeg 300w, https:\/\/www.nettali.com\/wp-content\/uploads\/2022\/11\/sonko-et-garde-du-corps-768x590.jpeg 768w\" sizes=\"(max-width: 828px) 100vw, 828px\" \/> <\/strong><\/p>\n<p>Le 8 novembre 2022, trois gardes du corps Ousmane Sonko ont \u00e9t\u00e9 plac\u00e9s sous mandat de d\u00e9p\u00f4t suite aux \u00e9v\u00e8nements de Tchiky, une localit\u00e9 de Mbour o\u00f9 le leader de Pastef s\u2019\u00e9tait rendu dans le cadre de ses tourn\u00e9es d\u00e9nomm\u00e9es \u00ab Nemeku Tour \u00bb. Ce passage a \u00e9t\u00e9 \u00e9maill\u00e9 d\u2019incidents entre la population et la s\u00e9curit\u00e9 du leader de Pastef. Condamn\u00e9 \u00e0 un mois ferme, les trois gardes du corps sont finalement rentr\u00e9s chez eux apr\u00e8s avoir purg\u00e9 leur peine \u00e0 la prison de Mbour.<\/p>\n<h2><span style=\"color: #ff0000;\"><strong>G (Bis) comme Gr\u00e8ve<\/strong><\/span><\/h2>\n<p><img loading=\"lazy\" class=\"alignnone size-large wp-image-55221\" src=\"https:\/\/www.nettali.com\/wp-content\/uploads\/2021\/01\/sames-greve.jpg\" alt=\"\" width=\"800\" height=\"530\" srcset=\"https:\/\/www.nettali.com\/wp-content\/uploads\/2021\/01\/sames-greve.jpg 800w, https:\/\/www.nettali.com\/wp-content\/uploads\/2021\/01\/sames-greve-300x199.jpg 300w, https:\/\/www.nettali.com\/wp-content\/uploads\/2021\/01\/sames-greve-768x509.jpg 768w\" sizes=\"(max-width: 800px) 100vw, 800px\" \/><\/p>\n<p>En 2022, la gr\u00e8ve a touch\u00e9 beaucoup de secteurs comme l\u2019\u00e9ducation et surtout la sant\u00e9. Celle-ci est marqu\u00e9e par une s\u00e9rie de gr\u00e8ves r\u00e9p\u00e9titives occasionn\u00e9es surtout par l\u2019arrestation de personnel de sant\u00e9. Les collectivit\u00e9s locales ne sont pas reste. Pour r\u00e9clamer la g\u00e9n\u00e9ralisation de l\u2019augmentation des salaires dans le public, ils ont observ\u00e9 des jours de gr\u00e8ve, handicapant les populations dans l\u2019obtention de certains actes.<\/p>\n<h2><span style=\"color: #ff0000;\"><strong>H comme H\u00f4pitaux <\/strong><\/span><\/h2>\n<p><img loading=\"lazy\" class=\"alignnone size-full wp-image-100422\" src=\"https:\/\/www.nettali.com\/wp-content\/uploads\/2022\/12\/drame.jpeg\" alt=\"\" width=\"630\" height=\"420\" srcset=\"https:\/\/www.nettali.com\/wp-content\/uploads\/2022\/12\/drame.jpeg 630w, https:\/\/www.nettali.com\/wp-content\/uploads\/2022\/12\/drame-300x200.jpeg 300w\" sizes=\"(max-width: 630px) 100vw, 630px\" \/><\/p>\n<p>Les h\u00f4pitaux sont mis en exergue non pas pour les performances r\u00e9alis\u00e9es au durant l\u2019ann\u00e9e 2022 mais pour les drames qui s\u2019y sont d\u00e9roul\u00e9s. Le 7 avril 2022, l\u2019\u00e9motion et la col\u00e8re avaient envahi les S\u00e9n\u00e9galais \u00e0 la suite de la mort, \u00e0 l\u2019h\u00f4pital Ahmadou Sakhir Mbaye de Louga, d\u2019Astou Sokhna, 34 ans, enceinte de 9 mois. La jeune femme avait attendu pendant plusieurs heures la c\u00e9sarienne qu\u2019elle r\u00e9clamait. Le personnel aurait refus\u00e9 sa demande, arguant que son op\u00e9ration n\u2019\u00e9tait pas pr\u00e9vue, et aurait menac\u00e9 de la chasser si elle insistait. Trois sages-femmes ont \u00e9t\u00e9 condamn\u00e9es \u00e0 six mois de prison avec sursis pour \u00ab non-assistance \u00e0 personne en danger \u00bb.<\/p>\n<p>Il y a aussi la mort de Doura Diallo, la dame d\u00e9c\u00e9d\u00e9e en couches au centre de sant\u00e9 de K\u00e9dougou. La victime, 37 ans, devait initialement accoucher par c\u00e9sarienne. Mais le gyn\u00e9cologue d\u00e9cide que ce sera par voie basse. Pendant au moins trois heures, elle a pouss\u00e9 sur la table d'accouchement.\u00a0 Malheureusement, seule la t\u00eate du nourrisson \u00e9tait sortie.<\/p>\n<p>L\u2019h\u00f4pital Mame Abdou Aziz Sy de Tivaouane a \u00e9t\u00e9 \u00e9galement le th\u00e9\u00e2tre d\u2019un sinistre drame.\u00a0 C\u2019\u00e9tait le 25 mai 2022. Un incendie avait ravag\u00e9 le service de n\u00e9onatologie de l\u2019h\u00f4pital dudit h\u00f4pital, emportant 11 b\u00e9b\u00e9s. Cette trag\u00e9die avait plong\u00e9 tout le pays dans l\u2019\u00e9moi et la consternation. Le Chef de l\u2019Etat, Macky Sall, avait ainsi limog\u00e9 le ministre de la Sant\u00e9 et de l\u2019Action sociale, Abdoulaye Diouf Sarr, \u00e0 l\u2019\u00e9poque et d\u00e9cr\u00e9t\u00e9 un deuil national de trois jours.<\/p>\n<p>A Kaolack, un nourrisson d\u00e9clar\u00e9 mort puis retrouv\u00e9 vivant dans un carton \u00e0 la morgue a suscit\u00e9 l\u2019\u00e9moi durant le mois de mai. Le b\u00e9b\u00e9 a fini par succomber et l\u2019aide-infirmi\u00e8re qui avait constat\u00e9 le premier faux d\u00e9c\u00e8s avait \u00e9t\u00e9 condamn\u00e9e \u00e0 six mois assortis du sursis<strong>\u00a0<\/strong><\/p>\n<h2><span style=\"color: #ff0000;\"><strong>I Comme Imam Ndao<\/strong><\/span><\/h2>\n<p><iframe loading=\"lazy\" title=\"NETTALI TV - DECES IMAM NDAO - Une foule immense \u00e0 l&#039;enterrement\" width=\"1080\" height=\"608\" src=\"https:\/\/www.youtube.com\/embed\/pUsVCiKgL3k?feature=oembed\" frameborder=\"0\" allow=\"accelerometer; autoplay; clipboard-write; encrypted-media; gyroscope; picture-in-picture\" allowfullscreen><\/iframe><\/p>\n<p>Le 5 septembre 2022, Imam Aliou Badara Ndao est d\u00e9c\u00e9d\u00e9 \u00e0 62 ans \u00e0 Dakar. La collecte de fonds organis\u00e9e n\u2019a pas pu sauver le secr\u00e9taire g\u00e9n\u00e9ral de la section de Kaolack de la ligue des imams et oul\u00e9mas du S\u00e9n\u00e9gal, rendu c\u00e9l\u00e8bre par son arrestation pour terrorisme, en 2015. Soup\u00e7onn\u00e9 de collusion avec un groupe de jeunes s\u00e9n\u00e9galais en provenance des bastions du groupe jihadiste Boko Haram, il a \u00e9t\u00e9 jug\u00e9 en 2018, soit apr\u00e8s trois ans de d\u00e9tention pr\u00e9ventive. A l\u2019issue du proc\u00e8s qui a dur\u00e9 des jours, il a \u00e9t\u00e9 acquitt\u00e9 des faits d\u2019apologie du terrorisme, actes de terrorisme, financement de capitaux dans le cadre d\u2019activit\u00e9s terroristes. Imam Ndao avait \u00e9t\u00e9 condamn\u00e9 \u00e0 six mois assortis du sursis pour d\u00e9tention d\u2019arme sans autorisation administrative. Il est parti sans pourvoir t\u00e9moigner lors du proc\u00e8s en appel de ses co-accus\u00e9s qui sont condamn\u00e9s sur la vingtaine d\u2019accus\u00e9s jug\u00e9s. Le proc\u00e8s en appel est pr\u00e9vu le 31 janvier 2023.<\/p>\n<p>Par ailleurs, sa disparition a occasionn\u00e9 l\u2019emprisonnement de \u00a0l\u2019activiste Karim Xrum Xaax et Cheikh Oumar Diagne, depuis le 12 septembre. Le premier a accus\u00e9 l\u2019Etat et le corps m\u00e9dical d\u2019avoir tu\u00e9 le religieux. Le second qui \u00e9tait en libert\u00e9 provisoire depuis le 8 juin apr\u00e8s trois mois pass\u00e9 en prison pour diffamation et injures sur plainte de Me Djibril War, a \u00e9mis les m\u00eames soup\u00e7ons en r\u00e9clamant une autopsie.<\/p>\n<h2><span style=\"color: #ff0000;\"><strong>I (Bis) Comme Incendie<\/strong><\/span><\/h2>\n<p><img loading=\"lazy\" class=\"alignnone size-full wp-image-16499\" src=\"https:\/\/www.nettali.com\/wp-content\/uploads\/2019\/08\/incendie9.jpg\" alt=\"\" width=\"700\" height=\"525\" srcset=\"https:\/\/www.nettali.com\/wp-content\/uploads\/2019\/08\/incendie9.jpg 700w, https:\/\/www.nettali.com\/wp-content\/uploads\/2019\/08\/incendie9-300x225.jpg 300w\" sizes=\"(max-width: 700px) 100vw, 700px\" \/><\/p>\n<p>Le 7 mars 2022 reste m\u00e9morable pour les commer\u00e7ants install\u00e9s \u00e0 l\u2019Avenue Lamine Gu\u00e8ye, au lieu dit \u00ab Salle de vente \u00bb. Un violent incendie a consum\u00e9 sous leurs yeux, leurs marchandises constitu\u00e9es de meubles (import\u00e9s, locaux) de t\u00e9l\u00e9phones portables. Le bilan est chiffr\u00e9 \u00e0 des milliards. Le site fait l\u2019objet d\u2019un litige foncier et il est sous surveillance polici\u00e8re.<\/p>\n<h2><span style=\"color: #ff0000;\"><strong>K comme Kaliphone<\/strong> <\/span><\/h2>\n<p><img loading=\"lazy\" class=\"alignnone size-full wp-image-95177\" src=\"https:\/\/www.nettali.com\/wp-content\/uploads\/2022\/10\/kaliphone.jpg\" alt=\"\" width=\"696\" height=\"392\" srcset=\"https:\/\/www.nettali.com\/wp-content\/uploads\/2022\/10\/kaliphone.jpg 696w, https:\/\/www.nettali.com\/wp-content\/uploads\/2022\/10\/kaliphone-300x169.jpg 300w\" sizes=\"(max-width: 696px) 100vw, 696px\" \/><\/p>\n<p>L\u2019ann\u00e9e 2022 n\u2019a pas \u00e9t\u00e9 apais\u00e9e pour Kaliphone Sall. Activiste, Kaliphone Sall s\u2019est distingu\u00e9 sur les r\u00e9seaux sociaux \u00e0 travers ses insultes \u00e0 l\u2019encontre des institutions de la R\u00e9publique, notamment le Pr\u00e9sident Macky Sall. Il a fait amende honorable aupr\u00e8s du chef de l\u2019Etat qui lui avait m\u00eame accord\u00e9 une interview lors d\u2019un de ses voyages en France. Rentr\u00e9 au S\u00e9n\u00e9gal, le 29 septembre, il s\u2019est retrouv\u00e9 en prison dans une affaire le liant avec la jeune fille Adji Thiar\u00e9. Jug\u00e9 pour coups et blessures volontaires alors que les rumeurs parlaient de viol, Kaliphone Sall a \u00e9t\u00e9 condamn\u00e9 \u00e0 6 mois dont 1 mois de prison ferme en sus de 500.000 FCFA \u00e0 verser\u00a0 \u00e0 la partie civile \u00bb. Il fait partie aussi de ceux qui ont eu \u00e0 \u00e9changer avec l\u2019ex masseuse, Adji Sarr.<\/p>\n<h2><span style=\"color: #ff0000;\"><strong>L comme Limogeage<\/strong><\/span><\/h2>\n<p><strong><img loading=\"lazy\" class=\"alignnone size-full wp-image-82801\" src=\"https:\/\/www.nettali.com\/wp-content\/uploads\/2022\/03\/papa-amadou-sarr-de-la-der-theorise-la-patrie-avant-le-parti.jpg\" alt=\"\" width=\"960\" height=\"720\" srcset=\"https:\/\/www.nettali.com\/wp-content\/uploads\/2022\/03\/papa-amadou-sarr-de-la-der-theorise-la-patrie-avant-le-parti.jpg 960w, https:\/\/www.nettali.com\/wp-content\/uploads\/2022\/03\/papa-amadou-sarr-de-la-der-theorise-la-patrie-avant-le-parti-300x225.jpg 300w, https:\/\/www.nettali.com\/wp-content\/uploads\/2022\/03\/papa-amadou-sarr-de-la-der-theorise-la-patrie-avant-le-parti-768x576.jpg 768w\" sizes=\"(max-width: 960px) 100vw, 960px\" \/> <\/strong>Le 9 mars 2022, soit 24 heures apr\u00e8s des propos d\u00e9sobligeants sur la religion et les marabouts, le d\u00e9l\u00e9gu\u00e9 g\u00e9n\u00e9ral \u00e0 la l\u2019entreprenariat rapide\u00a0 (Der) est limog\u00e9 par d\u00e9cret pr\u00e9sidentiel. Pape Amadou Sarr a fait les frais de sa sortie \u00e0 l\u2019occasion de la c\u00e9l\u00e9bration de la journ\u00e9e internationale des femmes. Il a qualifi\u00e9 d\u2019ineptie le fait que la femme ne puisse pas serrer la main \u00e0 un marabout alors qu\u2019elle peut le faire le soir. Cependant, depuis juin, l\u2019homme qui avait \u00e9t\u00e9 fortement lynch\u00e9, est directeur ex\u00e9cutif en charge des partenariats, mobilisation et communication de l\u2019Agence fran\u00e7aise de d\u00e9veloppement.<\/p>\n<h2><span style=\"color: #ff0000;\"><strong>P comme Procureur <\/strong><\/span><\/h2>\n<p><img loading=\"lazy\" class=\"alignnone size-large wp-image-98158\" src=\"https:\/\/www.nettali.com\/wp-content\/uploads\/2022\/11\/Procureur-Dakar-1024x576.jpeg\" alt=\"\" width=\"1024\" height=\"576\" srcset=\"https:\/\/www.nettali.com\/wp-content\/uploads\/2022\/11\/Procureur-Dakar-1024x576.jpeg 1024w, https:\/\/www.nettali.com\/wp-content\/uploads\/2022\/11\/Procureur-Dakar-300x169.jpeg 300w, https:\/\/www.nettali.com\/wp-content\/uploads\/2022\/11\/Procureur-Dakar-768x432.jpeg 768w, https:\/\/www.nettali.com\/wp-content\/uploads\/2022\/11\/Procureur-Dakar.jpeg 1080w\" sizes=\"(max-width: 1024px) 100vw, 1024px\" \/> On retiendra que le parquet de Dakar a eu un nouveau patron en 2022. Apr\u00e8s 7 ans comme procureur de la R\u00e9publique, Serigne Bassirou, tr\u00e8s contest\u00e9 et tr\u00e8s critiqu\u00e9 par l\u2019opposition qui le qualifie \u00e0 un membre de l\u2019Apr, c\u00e8de son fauteuil \u00e0 l'ancien pr\u00e9sident de la chambre d'accusation Amady Diouf. L'ex-chef du parquet de Dakar, \u00e9tait d\u00e9tach\u00e9 aupr\u00e8s de la pr\u00e9sidence o\u00f9 il jouait le r\u00f4le de conseiller aupr\u00e8s du Chef de l'Etat. Depuis le 1er d\u00e9cembre 2022, le chef de l\u2019Etat, Macky Sall, l\u2019a nomm\u00e9 \u00e0 la t\u00eate de l\u2019Office national de lutte contre la fraude et la corruption (Ofnac).<\/p>\n<h2><span style=\"color: #ff0000;\"><strong>P (Bis) comme Papito Kara<\/strong><\/span><\/h2>\n<p><img loading=\"lazy\" class=\"alignnone size-full wp-image-99639\" src=\"https:\/\/www.nettali.com\/wp-content\/uploads\/2022\/12\/Outhmane-Diagne-et-Papito-Kara.jpeg\" alt=\"\" width=\"567\" height=\"388\" srcset=\"https:\/\/www.nettali.com\/wp-content\/uploads\/2022\/12\/Outhmane-Diagne-et-Papito-Kara.jpeg 567w, https:\/\/www.nettali.com\/wp-content\/uploads\/2022\/12\/Outhmane-Diagne-et-Papito-Kara-300x205.jpeg 300w\" sizes=\"(max-width: 567px) 100vw, 567px\" \/><\/p>\n<p>2020 est l\u2019ann\u00e9e o\u00f9 il s\u2019est mari\u00e9 mais \u00e9galement il a connu la prison. Le jeune s\u00e9n\u00e9galais c\u00e9l\u00e8bre pour ses revues de presse satirique sur la toile est en prison depuis ao\u00fbt 2022 dans l\u2019affaire de d\u00e9tournement de certaines Unes de journaux. Pape Ibra Gu\u00e8ye de son vrai est \u00e9crou\u00e9 au m\u00eame titre que Outhman Diagne, coordonnateur de la mafia Kacci Kacci pour les chefs d\u2019accusation de diffusion de fausses nouvelles, d\u2019effacement, de modification, de fabrication et d\u2019introduction de donn\u00e9es informatiques. Les Unes des canards concern\u00e9s \u00e9taient chang\u00e9es avec parfois des montages grossiers et des titres qui frisent la propagande. Les deux inculp\u00e9s entendus au fond le 13 d\u00e9cembre et leurs avocats ont introduit de nouvelles demandes de libert\u00e9 provisoire.<\/p>\n<h2><span style=\"color: #ff0000;\"><strong>P ( Ter ) comme Pape Al\u00e9 Niang<\/strong><\/span><\/h2>\n<p><iframe loading=\"lazy\" title=\"NETTALI TV \/ OUSMANE SONKO A SEBIKHOTANE - &quot;J&#039;ai vu un Pape Al\u00e9 Niang fatigu\u00e9 et tr\u00e8s malade&quot;\" width=\"1080\" height=\"608\" src=\"https:\/\/www.youtube.com\/embed\/xlZqZrPskXU?feature=oembed\" frameborder=\"0\" allow=\"accelerometer; autoplay; clipboard-write; encrypted-media; gyroscope; picture-in-picture\" allowfullscreen><\/iframe><\/p>\n<p>Le journaliste finit l'ann\u00e9e 2022 en ayant maille \u00e0 partir avec la justice. Apr\u00e8s 33 jours de d\u00e9tention pr\u00e9ventive, il a b\u00e9n\u00e9fici\u00e9 d'une\u00a0 libert\u00e9 provisoire le vendredi\u00a0 16 d\u00e9cembre. Cependant, il est retourn\u00e9 en prison le mercredi 21 d\u00e9cembre, suite \u00e0 la r\u00e9vocation\u00a0 du contr\u00f4le judiciaire par le juge du deuxi\u00e8me cabinet, Mamadou Seck. Selon le ma\u00eetre des poursuites, les derni\u00e8res sorties m\u00e9diatiques de l\u2019inculp\u00e9 Pape Al\u00e9 Niang, telles qu\u2019il ressort des audios et des vid\u00e9os joints \u00e0 la proc\u00e9dure, caract\u00e9risent largement une violation des obligations prescrites notamment celles qui lui faisaient d\u00e9fense de communiquer sous aucune forme sur les faits, objets des poursuites, dans la perspective de garantir l\u2019int\u00e9grit\u00e9 de la proc\u00e9dure et de pr\u00e9venir efficacement la r\u00e9it\u00e9ration des faits. Malgr\u00e9 ces arguments, Pape Al\u00e9 Niang d\u00e9nonce un acharnement et menace de reprendre la gr\u00e8ve de la faim qui avait pouss\u00e9 les autorit\u00e9s \u00e0 le lib\u00e9rer.<\/p>\n<h2><span style=\"color: #ff0000;\"><strong>S Comme Sitor<\/strong><\/span><\/h2>\n<p><strong><img loading=\"lazy\" class=\"alignnone size-full wp-image-93298\" src=\"https:\/\/www.nettali.com\/wp-content\/uploads\/2022\/09\/Sitor-Ndour.png\" alt=\"\" width=\"660\" height=\"325\" srcset=\"https:\/\/www.nettali.com\/wp-content\/uploads\/2022\/09\/Sitor-Ndour.png 660w, https:\/\/www.nettali.com\/wp-content\/uploads\/2022\/09\/Sitor-Ndour-300x148.png 300w\" sizes=\"(max-width: 660px) 100vw, 660px\" \/> <\/strong><\/p>\n<p>L\u2019ann\u00e9e 2022 marquera \u00e0 jamais Sitor Ndour. Le responsable politique de l\u2019Alliance pour la R\u00e9publique et ancien directeur du Coud dort en prison depuis le 4 ao\u00fbt 2022. Il est accus\u00e9 de viol par sa domestique de 17 ans. Selon la m\u00e8re de l\u2019adolescente, le pr\u00e9sum\u00e9 violeur de sa fille voulait acheter son silence. En octobre, la demande de libert\u00e9 provisoire qu\u2019il a introduite a \u00e9t\u00e9 rejet\u00e9e.<\/p>\n<h2><span style=\"color: #ff0000;\"><strong>\u00a0<\/strong><strong>S (Bis) comme Saisies<\/strong><\/span><\/h2>\n<p><img loading=\"lazy\" class=\"alignnone size-full wp-image-96773\" src=\"https:\/\/www.nettali.com\/wp-content\/uploads\/2022\/10\/drogue2-696x391-696x391-1.jpg\" alt=\"\" width=\"696\" height=\"391\" srcset=\"https:\/\/www.nettali.com\/wp-content\/uploads\/2022\/10\/drogue2-696x391-696x391-1.jpg 696w, https:\/\/www.nettali.com\/wp-content\/uploads\/2022\/10\/drogue2-696x391-696x391-1-300x169.jpg 300w\" sizes=\"(max-width: 696px) 100vw, 696px\" \/><\/p>\n<p>Le S\u00e9n\u00e9gal est-il une plaque tournante de la drogue\u00a0 ? En tout cas, plusieurs saisies de ce produit ont \u00e9t\u00e9 op\u00e9r\u00e9es cette ann\u00e9e par les soldats de l\u2019\u00e9conomie et des forces de d\u00e9fenses et de s\u00e9curit\u00e9. La derni\u00e8re saisie remonte au 20 d\u00e9cembre 2022. Les \u00e9l\u00e9ments de la Douane de Kaolack ont saisis 25 kg de coca\u00efne pour une contrevaleur de 2 milliards de francs CFA. Moins de deux mois auparavant, la Douane de Kidira avait mis sur la main 300 kg de coca\u00efne d\u2019une valeur de 24 milliards de francs CFA. Une saisie record jamais r\u00e9alis\u00e9e par les soldats de l\u2019\u00e9conomie, en sus de la saisie record de faux m\u00e9dicaments d\u2019une valeur de 1,5 milliard de FCfa \u00e0 Thiaroye, au mois de mai.<\/p>\n<p>Dans le cadre de la lutte contre la fraude, des billets noirs d\u2019une contrevaleur de 905 millions en francs CFA ont \u00e9t\u00e9 saisis par le Groupement polyvalent de recherches et de r\u00e9pression de la fraude (GPR) des douanes s\u00e9n\u00e9galaises, en novembre dernier, \u00e0 Thi\u00e8s.<\/p>\n<p>La gendarmerie n\u2019a pas \u00e9t\u00e9 en reste avec les \u00e9l\u00e9ments de Faidherbe qui, en f\u00e9vrier 2022 ont saisi des billets noirs d\u2019une valeur de 2 milliards de FCfa sans compter la prise de 860 kg de chanvre indien entre Dakar et Thi\u00e8s, et 253 kg en juillet, \u00e0 Joal.<\/p>\n<p>Du c\u00f4t\u00e9 de la police, la section de recherche de Thi\u00e8s a saisi en novembre, des billets noirs en euros et dollars estim\u00e9s \u00e0 1 milliard de francs Cfa. La police des fronti\u00e8res a intercept\u00e9 \u00e0 la fronti\u00e8re entre le S\u00e9n\u00e9gal et le Mali 1,725 milliard de FCfa dans un v\u00e9hicule. Du c\u00f4t\u00e9 de la Division op\u00e9rationnelle de la Direction de l\u2019office central pour la r\u00e9pression du trafic illicite des stup\u00e9fiants (Docrtis), une saisie record de 3\u00a0152 pilules d\u2019ecstazy, la nouvelle drogue des jeunes appel\u00e9e aussi \u00ab\u00a0volet\u00a0\u00bb, a \u00e9t\u00e9 r\u00e9alis\u00e9e courant novembre.<\/p>\n<h2><span style=\"color: #ff0000;\"><strong>T comme tribunal de Pikine<\/strong><\/span><\/h2>\n<p><img loading=\"lazy\" class=\"alignnone size-full wp-image-92455\" src=\"https:\/\/www.nettali.com\/wp-content\/uploads\/2022\/08\/Tribunal-de-grande-instance-de-Pikine-Guediawaye.jpeg\" alt=\"\" width=\"650\" height=\"384\" srcset=\"https:\/\/www.nettali.com\/wp-content\/uploads\/2022\/08\/Tribunal-de-grande-instance-de-Pikine-Guediawaye.jpeg 650w, https:\/\/www.nettali.com\/wp-content\/uploads\/2022\/08\/Tribunal-de-grande-instance-de-Pikine-Guediawaye-300x177.jpeg 300w\" sizes=\"(max-width: 650px) 100vw, 650px\" \/><\/p>\n<p>C\u2019est un fait in\u00e9dit. La chambre criminelle de Pikine est d\u00e9sormais op\u00e9rationnelle. Elle a tenu sa premi\u00e8re session le 8 d\u00e9cembre 2022. Une bonne nouvelle pour les d\u00e9tenus et leurs proches qui \u00e9taient exasp\u00e9r\u00e9s par cette situation. Car, la juridiction est fonctionnelle depuis 2017.<\/p>\n<p>En janvier, le Palais de justice a subi un incendie qui avait fait beaucoup de d\u00e9g\u00e2ts mat\u00e9riels, surtout au niveau de la cave.<\/p>\n<h2><span style=\"color: #ff0000;\"><strong>V comme violences<\/strong><\/span><\/h2>\n<p><img loading=\"lazy\" class=\"alignnone size-large wp-image-100427\" src=\"https:\/\/www.nettali.com\/wp-content\/uploads\/2022\/12\/violences-1024x576.jpeg\" alt=\"\" width=\"1024\" height=\"576\" srcset=\"https:\/\/www.nettali.com\/wp-content\/uploads\/2022\/12\/violences-1024x576.jpeg 1024w, https:\/\/www.nettali.com\/wp-content\/uploads\/2022\/12\/violences-300x169.jpeg 300w, https:\/\/www.nettali.com\/wp-content\/uploads\/2022\/12\/violences-768x432.jpeg 768w, https:\/\/www.nettali.com\/wp-content\/uploads\/2022\/12\/violences-1080x607.jpeg 1080w, https:\/\/www.nettali.com\/wp-content\/uploads\/2022\/12\/violences.jpeg 1170w\" sizes=\"(max-width: 1024px) 100vw, 1024px\" \/><\/p>\n<p>En 2022, la violence \u00e0 l\u2019endroit des femmes, enfants et autres a fait craindre plus d\u2019un. Les cas de f\u00e9minicides ont mont\u00e9. Celui qui a le plus marqu\u00e9 les esprits, c\u2019est l\u2019assassinat de Fatou Kin\u00e9 Gaye, g\u00e9rante d\u2019une multiservices de transfert d'argent \u00e0 Pikine. Elle a \u00e9t\u00e9 tu\u00e9e le 21 mai 2022 apr\u00e8s avoir re\u00e7u 36 coups de couteau au ventre.\u00a0 Son pr\u00e9sum\u00e9 meurtrier, Khassimou B\u00e2, l\u2019a tu\u00e9e parce qu\u2019elle avait d\u00e9couvert qu\u2019il avait d\u00e9tourn\u00e9 une partie de l\u2019argent qui devait \u00eatre vers\u00e9. Ce, pour baptiser son fils.<\/p>\n<p>Auparavant, en mars 2022, Abass Sow tente d\u2019\u00e9gorger sa deuxi\u00e8me \u00e9pouse au pr\u00e9texte qu\u2019elle avait refus\u00e9 de rejoindre le domicile conjugal et ne voudrait pas d\u2019enfant avec lui. Quelques jours plus tard, c\u2019est le corps de l\u2019\u00e9tudiante Seynabou Ka Diallo qui avait \u00e9t\u00e9 d\u00e9couvert. Son copain a avou\u00e9 le meurtre a confi\u00e9 avoir \u00e9trangl\u00e9 la jeune fille avant de mettre le corps dans une valise jet\u00e9e \u00e0 quelques kilom\u00e8tres de l\u2019universit\u00e9 Gaston Berger de Saint-Louis. La dame Mari\u00e8me War compl\u00e8te la liste. La sexag\u00e9naire a \u00e9t\u00e9 viol\u00e9e puis tu\u00e9e \u00e0 Tivaouane Peulh.<\/p>\n<p>Autre fait violent qui sera inscrit dans les pages sombres de l\u2019ann\u00e9e 2022, c\u2019est la fusillade spectaculaire qui est intervenue le 12 d\u00e9cembre 2022 au march\u00e9 central de Mbour suite \u00e0 un braquage dans un bureau de change. L\u2019assaillant a tu\u00e9 trois personnes dont deux commer\u00e7ants avant d\u2019\u00eatre arr\u00eat\u00e9.<\/p>\n<p><iframe loading=\"lazy\" title=\"NETTALI TV - MBOUR - Apr\u00e8s la fusillade, les affrontements avec la police\" width=\"1080\" height=\"608\" src=\"https:\/\/www.youtube.com\/embed\/SMlcx9Ij3Kc?feature=oembed\" frameborder=\"0\" allow=\"accelerometer; autoplay; clipboard-write; encrypted-media; gyroscope; picture-in-picture\" allowfullscreen><\/iframe><\/p>\n<p>&nbsp;<\/p>\n<p>Le village de Ndi\u00e8ye, situ\u00e9 dans la localit\u00e9 de Pire, est sorti de son relatif anonymat d\u2019une bien triste mani\u00e8re. Pour cause, un muezzin a \u00e9t\u00e9, au mois d\u2019octobre 2010, lynch\u00e9 \u00e0 mort pour avoir d\u00e9cid\u00e9 de construire sa propre mosqu\u00e9e. Ainsi, 12 personnes ont \u00e9t\u00e9 arr\u00eat\u00e9es et plac\u00e9es sous mandat de d\u00e9p\u00f4t dont l\u2019imam commanditaire et le chef du village.<\/p>\n<p>Un autre village qui, en 2022, a enregistr\u00e9 des violences, c\u2019est le village de Kir\u00e8ne. En effet, le 13 d\u00e9cembre 2022, une violente bagarre s\u2019\u00e9tait \u00e9clat\u00e9e entre agriculteurs et pasteurs au village de Kir\u00e8ne. Cons\u00e9quence : un cultivateur du village de Kir\u00e8ne a \u00e9t\u00e9 mortellement bless\u00e9 par arme blanche par un berger. En guise de repr\u00e9sailles, les populations de Kir\u00e8ne ont incendi\u00e9 plusieurs concessions \u00e0 Thiambokh Peulh o\u00f9 le pr\u00e9sum\u00e9 auteur s\u2019\u00e9tait r\u00e9fugi\u00e9. L\u2019enqu\u00eate ouverte par le Haut-commandement et confi\u00e9e \u00e0 la Section de Recherches de Thi\u00e8s a permis d\u2019identifier et de localiser le mis en cause au domicile de son marabout au village de Sar\u00e9 Birane, situ\u00e9 \u00e0 moins d\u2019un kilom\u00e8tre de la fronti\u00e8re gambienne, dans le d\u00e9partement de Bounkiling.<\/p>\n<p>Dans le d\u00e9partement de V\u00e9lingara, la mort de Lansana, un b\u00e9b\u00e9 de 16 mois \u00a0jet\u00e9 dans un puits a cr\u00e9\u00e9 la consternation au village de Sar\u00e9 Maound\u00e9 B\u00e2. La co\u00e9pouse de la m\u00e8re de l\u2019enfant est la principale suspecte. Tandis qu\u2019\u00e0 Rufisque c\u2019est une dame qui est arr\u00eat\u00e9e pour le meurtre de son \u00e9poux.<\/p>\n<div class='share-to-whatsapp-wrapper'><div class='share-on-whsp'>PARTAGER SUR : <\/div><a data-text='RETRO SOCIETE 2022- L'ab\u00e9c\u00e9daire d'une ann\u00e9e bouillonnante et sanglante\u00a0' data-link='https:\/\/www.nettali.com\/2022\/12\/28\/retro-societe-2022-labecedaire-dune-annee-bouillonnante-et-sanglante\/' class='whatsapp-button whatsapp-share'>WhatsApp<\/a><div class='clear '><\/div><\/div>","protected":false},"excerpt":{"rendered":"<p>NETTALI.COM- L\u2019ann\u00e9e 2022 qui tire \u00e0 sa fin est marqu\u00e9e par beaucoup d\u2019\u00e9v\u00e8nements qui ont tenu en haleine la population. Nettali repasse sur certains faits saillants et bouillonnants. A Comme Affaire Adji Sarr \/ Ousmane Sonko Cette affaire relative aux accusations de viol et de menace de mort port\u00e9es par la jeune masseuse contre le [&hellip;]<\/p>\n","protected":false},"author":6,"featured_media":100508,"comment_status":"open","ping_status":"open","sticky":false,"template":"","format":"standard","meta":{"_et_pb_use_builder":"","_et_pb_old_content":""},"categories":[34946,3],"tags":[],"yoast_head":"<!-- This site is optimized with the Yoast SEO Premium plugin v17.8 (Yoast SEO v17.8) - https:\/\/yoast.com\/wordpress\/plugins\/seo\/ -->\n<title>RETRO SOCIETE 2022- L&#039;ab\u00e9c\u00e9daire d&#039;une ann\u00e9e bouillonnante et sanglante\u00a0 | Nettali.com<\/title>\n<meta name=\"robots\" content=\"index, follow, max-snippet:-1, max-image-preview:large, max-video-preview:-1\" \/>\n<link rel=\"canonical\" href=\"https:\/\/www.nettali.com\/2022\/12\/28\/retro-societe-2022-labecedaire-dune-annee-bouillonnante-et-sanglante\/\" \/>\n<meta property=\"og:locale\" content=\"fr_FR\" \/>\n<meta property=\"og:type\" content=\"article\" \/>\n<meta property=\"og:title\" content=\"RETRO SOCIETE 2022- L&#039;ab\u00e9c\u00e9daire d&#039;une ann\u00e9e bouillonnante et sanglante\u00a0\" \/>\n<meta property=\"og:description\" content=\"NETTALI.COM- L\u2019ann\u00e9e 2022 qui tire \u00e0 sa fin est marqu\u00e9e par beaucoup d\u2019\u00e9v\u00e8nements qui ont tenu en haleine la population. Nettali repasse sur certains faits saillants et bouillonnants. A Comme Affaire Adji Sarr \/ Ousmane Sonko Cette affaire relative aux accusations de viol et de menace de mort port\u00e9es par la jeune masseuse contre le [&hellip;]\" \/>\n<meta property=\"og:url\" content=\"https:\/\/www.nettali.com\/2022\/12\/28\/retro-societe-2022-labecedaire-dune-annee-bouillonnante-et-sanglante\/\" \/>\n<meta property=\"og:site_name\" content=\"Nettali.com\" \/>\n<meta property=\"article:publisher\" content=\"https:\/\/www.facebook.com\/nettalicom\" \/>\n<meta property=\"article:published_time\" content=\"2022-12-28T07:21:47+00:00\" \/>\n<meta property=\"article:modified_time\" content=\"2022-12-28T12:01:42+00:00\" \/>\n<meta property=\"og:image\" content=\"https:\/\/www.nettali.com\/wp-content\/uploads\/2022\/12\/retro-abcd.jpg\" \/>\n\t<meta property=\"og:image:width\" content=\"1280\" \/>\n\t<meta property=\"og:image:height\" content=\"600\" \/>\n<meta name=\"twitter:card\" content=\"summary_large_image\" \/>\n<meta name=\"twitter:label1\" content=\"\u00c9crit par\" \/>\n\t<meta name=\"twitter:data1\" content=\"Fatou\" \/>\n\t<meta name=\"twitter:label2\" content=\"Dur\u00e9e de lecture estim\u00e9e\" \/>\n\t<meta name=\"twitter:data2\" content=\"23 minutes\" \/>\n<script type=\"application\/ld+json\" class=\"yoast-schema-graph\">{\"@context\":\"https:\/\/schema.org\",\"@graph\":[{\"@type\":\"WebSite\",\"@id\":\"https:\/\/www.nettali.com\/#website\",\"url\":\"https:\/\/www.nettali.com\/\",\"name\":\"Nettali.com\",\"description\":\"Le rendez-vous critique du Net\",\"potentialAction\":[{\"@type\":\"SearchAction\",\"target\":{\"@type\":\"EntryPoint\",\"urlTemplate\":\"https:\/\/www.nettali.com\/?s={search_term_string}\"},\"query-input\":\"required name=search_term_string\"}],\"inLanguage\":\"fr-FR\"},{\"@type\":\"ImageObject\",\"@id\":\"https:\/\/www.nettali.com\/2022\/12\/28\/retro-societe-2022-labecedaire-dune-annee-bouillonnante-et-sanglante\/#primaryimage\",\"inLanguage\":\"fr-FR\",\"url\":\"https:\/\/www.nettali.com\/wp-content\/uploads\/2022\/12\/retro-abcd.jpg\",\"contentUrl\":\"https:\/\/www.nettali.com\/wp-content\/uploads\/2022\/12\/retro-abcd.jpg\",\"width\":1280,\"height\":600},{\"@type\":\"WebPage\",\"@id\":\"https:\/\/www.nettali.com\/2022\/12\/28\/retro-societe-2022-labecedaire-dune-annee-bouillonnante-et-sanglante\/#webpage\",\"url\":\"https:\/\/www.nettali.com\/2022\/12\/28\/retro-societe-2022-labecedaire-dune-annee-bouillonnante-et-sanglante\/\",\"name\":\"RETRO SOCIETE 2022- L'ab\\u00e9c\\u00e9daire d'une ann\\u00e9e bouillonnante et sanglante\\u00a0 | Nettali.com\",\"isPartOf\":{\"@id\":\"https:\/\/www.nettali.com\/#website\"},\"primaryImageOfPage\":{\"@id\":\"https:\/\/www.nettali.com\/2022\/12\/28\/retro-societe-2022-labecedaire-dune-annee-bouillonnante-et-sanglante\/#primaryimage\"},\"datePublished\":\"2022-12-28T07:21:47+00:00\",\"dateModified\":\"2022-12-28T12:01:42+00:00\",\"author\":{\"@id\":\"https:\/\/www.nettali.com\/#\/schema\/person\/418274a86bdf87caff7a3ef476bd0bbf\"},\"breadcrumb\":{\"@id\":\"https:\/\/www.nettali.com\/2022\/12\/28\/retro-societe-2022-labecedaire-dune-annee-bouillonnante-et-sanglante\/#breadcrumb\"},\"inLanguage\":\"fr-FR\",\"potentialAction\":[{\"@type\":\"ReadAction\",\"target\":[\"https:\/\/www.nettali.com\/2022\/12\/28\/retro-societe-2022-labecedaire-dune-annee-bouillonnante-et-sanglante\/\"]}]},{\"@type\":\"BreadcrumbList\",\"@id\":\"https:\/\/www.nettali.com\/2022\/12\/28\/retro-societe-2022-labecedaire-dune-annee-bouillonnante-et-sanglante\/#breadcrumb\",\"itemListElement\":[{\"@type\":\"ListItem\",\"position\":1,\"name\":\"Accueil\",\"item\":\"https:\/\/www.nettali.com\/\"},{\"@type\":\"ListItem\",\"position\":2,\"name\":\"RETRO SOCIETE 2022- L'ab\\u00e9c\\u00e9daire d'une ann\\u00e9e bouillonnante et sanglante\\u00a0\"}]},{\"@type\":\"Person\",\"@id\":\"https:\/\/www.nettali.com\/#\/schema\/person\/418274a86bdf87caff7a3ef476bd0bbf\",\"name\":\"Fatou\",\"image\":{\"@type\":\"ImageObject\",\"@id\":\"https:\/\/www.nettali.com\/#personlogo\",\"inLanguage\":\"fr-FR\",\"url\":\"https:\/\/secure.gravatar.com\/avatar\/5a9442a2bee7b4dcf167cab035858e9a?s=96&d=mm&r=g\",\"contentUrl\":\"https:\/\/secure.gravatar.com\/avatar\/5a9442a2bee7b4dcf167cab035858e9a?s=96&d=mm&r=g\",\"caption\":\"Fatou\"},\"sameAs\":[\"https:\/\/www.nettali.com\"]}]}<\/script>\n<!-- \/ Yoast SEO Premium plugin. -->","yoast_head_json":{"title":"RETRO SOCIETE 2022- L'ab\u00e9c\u00e9daire d'une ann\u00e9e bouillonnante et sanglante\u00a0 | Nettali.com","robots":{"index":"index","follow":"follow","max-snippet":"max-snippet:-1","max-image-preview":"max-image-preview:large","max-video-preview":"max-video-preview:-1"},"canonical":"https:\/\/www.nettali.com\/2022\/12\/28\/retro-societe-2022-labecedaire-dune-annee-bouillonnante-et-sanglante\/","og_locale":"fr_FR","og_type":"article","og_title":"RETRO SOCIETE 2022- L'ab\u00e9c\u00e9daire d'une ann\u00e9e bouillonnante et sanglante\u00a0","og_description":"NETTALI.COM- L\u2019ann\u00e9e 2022 qui tire \u00e0 sa fin est marqu\u00e9e par beaucoup d\u2019\u00e9v\u00e8nements qui ont tenu en haleine la population. Nettali repasse sur certains faits saillants et bouillonnants. A Comme Affaire Adji Sarr \/ Ousmane Sonko Cette affaire relative aux accusations de viol et de menace de mort port\u00e9es par la jeune masseuse contre le [&hellip;]","og_url":"https:\/\/www.nettali.com\/2022\/12\/28\/retro-societe-2022-labecedaire-dune-annee-bouillonnante-et-sanglante\/","og_site_name":"Nettali.com","article_publisher":"https:\/\/www.facebook.com\/nettalicom","article_published_time":"2022-12-28T07:21:47+00:00","article_modified_time":"2022-12-28T12:01:42+00:00","og_image":[{"width":1280,"height":600,"url":"https:\/\/www.nettali.com\/wp-content\/uploads\/2022\/12\/retro-abcd.jpg","type":"image\/jpeg"}],"twitter_card":"summary_large_image","twitter_misc":{"\u00c9crit par":"Fatou","Dur\u00e9e de lecture estim\u00e9e":"23 minutes"},"schema":{"@context":"https:\/\/schema.org","@graph":[{"@type":"WebSite","@id":"https:\/\/www.nettali.com\/#website","url":"https:\/\/www.nettali.com\/","name":"Nettali.com","description":"Le rendez-vous critique du Net","potentialAction":[{"@type":"SearchAction","target":{"@type":"EntryPoint","urlTemplate":"https:\/\/www.nettali.com\/?s={search_term_string}"},"query-input":"required name=search_term_string"}],"inLanguage":"fr-FR"},{"@type":"ImageObject","@id":"https:\/\/www.nettali.com\/2022\/12\/28\/retro-societe-2022-labecedaire-dune-annee-bouillonnante-et-sanglante\/#primaryimage","inLanguage":"fr-FR","url":"https:\/\/www.nettali.com\/wp-content\/uploads\/2022\/12\/retro-abcd.jpg","contentUrl":"https:\/\/www.nettali.com\/wp-content\/uploads\/2022\/12\/retro-abcd.jpg","width":1280,"height":600},{"@type":"WebPage","@id":"https:\/\/www.nettali.com\/2022\/12\/28\/retro-societe-2022-labecedaire-dune-annee-bouillonnante-et-sanglante\/#webpage","url":"https:\/\/www.nettali.com\/2022\/12\/28\/retro-societe-2022-labecedaire-dune-annee-bouillonnante-et-sanglante\/","name":"RETRO SOCIETE 2022- L'ab\u00e9c\u00e9daire d'une ann\u00e9e bouillonnante et sanglante\u00a0 | Nettali.com","isPartOf":{"@id":"https:\/\/www.nettali.com\/#website"},"primaryImageOfPage":{"@id":"https:\/\/www.nettali.com\/2022\/12\/28\/retro-societe-2022-labecedaire-dune-annee-bouillonnante-et-sanglante\/#primaryimage"},"datePublished":"2022-12-28T07:21:47+00:00","dateModified":"2022-12-28T12:01:42+00:00","author":{"@id":"https:\/\/www.nettali.com\/#\/schema\/person\/418274a86bdf87caff7a3ef476bd0bbf"},"breadcrumb":{"@id":"https:\/\/www.nettali.com\/2022\/12\/28\/retro-societe-2022-labecedaire-dune-annee-bouillonnante-et-sanglante\/#breadcrumb"},"inLanguage":"fr-FR","potentialAction":[{"@type":"ReadAction","target":["https:\/\/www.nettali.com\/2022\/12\/28\/retro-societe-2022-labecedaire-dune-annee-bouillonnante-et-sanglante\/"]}]},{"@type":"BreadcrumbList","@id":"https:\/\/www.nettali.com\/2022\/12\/28\/retro-societe-2022-labecedaire-dune-annee-bouillonnante-et-sanglante\/#breadcrumb","itemListElement":[{"@type":"ListItem","position":1,"name":"Accueil","item":"https:\/\/www.nettali.com\/"},{"@type":"ListItem","position":2,"name":"RETRO SOCIETE 2022- L'ab\u00e9c\u00e9daire d'une ann\u00e9e bouillonnante et sanglante\u00a0"}]},{"@type":"Person","@id":"https:\/\/www.nettali.com\/#\/schema\/person\/418274a86bdf87caff7a3ef476bd0bbf","name":"Fatou","image":{"@type":"ImageObject","@id":"https:\/\/www.nettali.com\/#personlogo","inLanguage":"fr-FR","url":"https:\/\/secure.gravatar.com\/avatar\/5a9442a2bee7b4dcf167cab035858e9a?s=96&d=mm&r=g","contentUrl":"https:\/\/secure.gravatar.com\/avatar\/5a9442a2bee7b4dcf167cab035858e9a?s=96&d=mm&r=g","caption":"Fatou"},"sameAs":["https:\/\/www.nettali.com"]}]}},"_links":{"self":[{"href":"https:\/\/www.nettali.com\/rest\/wp\/v2\/posts\/100371"}],"collection":[{"href":"https:\/\/www.nettali.com\/rest\/wp\/v2\/posts"}],"about":[{"href":"https:\/\/www.nettali.com\/rest\/wp\/v2\/types\/post"}],"author":[{"embeddable":true,"href":"https:\/\/www.nettali.com\/rest\/wp\/v2\/users\/6"}],"replies":[{"embeddable":true,"href":"https:\/\/www.nettali.com\/rest\/wp\/v2\/comments?post=100371"}],"version-history":[{"count":10,"href":"https:\/\/www.nettali.com\/rest\/wp\/v2\/posts\/100371\/revisions"}],"predecessor-version":[{"id":100602,"href":"https:\/\/www.nettali.com\/rest\/wp\/v2\/posts\/100371\/revisions\/100602"}],"wp:featuredmedia":[{"embeddable":true,"href":"https:\/\/www.nettali.com\/rest\/wp\/v2\/media\/100508"}],"wp:attachment":[{"href":"https:\/\/www.nettali.com\/rest\/wp\/v2\/media?parent=100371"}],"wp:term":[{"taxonomy":"category","embeddable":true,"href":"https:\/\/www.nettali.com\/rest\/wp\/v2\/categories?post=100371"},{"taxonomy":"post_tag","embeddable":true,"href":"https:\/\/www.nettali.com\/rest\/wp\/v2\/tags?post=100371"}],"curies":[{"name":"wp","href":"https:\/\/api.w.org\/{rel}","templated":true}]}}