{"id":100345,"date":"2022-12-24T10:05:48","date_gmt":"2022-12-24T10:05:48","guid":{"rendered":"https:\/\/www.nettali.com\/?p=100345"},"modified":"2022-12-24T10:05:48","modified_gmt":"2022-12-24T10:05:48","slug":"en-coulisses-benno-maintient-le-flou","status":"publish","type":"post","link":"https:\/\/www.nettali.com\/2022\/12\/24\/en-coulisses-benno-maintient-le-flou\/","title":{"rendered":"EN COULISSES - Benno maintient le flou !"},"content":{"rendered":"<p><strong>NETTALI.COM -<\/strong> Annonc\u00e9, il y a quelques temps par le Pr\u00e9sident Macky Sall, le s\u00e9minaire de la coalition BBY, s\u2019est finalement tenu, ce vendredi 23 d\u00e9cembre. Organis\u00e9 sur le th\u00e8me : \"<em>quelle coalition pour la victoire<\/em>\", la rencontre a \u00e9t\u00e9 sanctionn\u00e9e par deux r\u00e9solutions et une motion de soutien au Chef de l\u2019Etat.<\/p>\n<p>Le \"ni oui, ni non\" reste de mise puisque le s\u00e9minaire n'a pas permis de d\u00e9nouer la question de la candidature ou non de Macky Sall. Les membres de la majorit\u00e9 se sont en effet abstenus d\u2019annoncer la candidature officielle de Macky Sall,<\/p>\n<p>Prenant la parole, l\u2019avocat Ousmane S\u00e8ye a ainsi d\u00e9clar\u00e9 : \"<em>En tout \u00e9tat de cause, le s\u00e9minaire lance un appel pressant \u00e0 toutes les composantes de la coalition, aux d\u00e9mocrates et r\u00e9publicains de tous bords, aux forces vives de la nation, \u00e0 tous les S\u00e9n\u00e9galais de bonne volont\u00e9 de l\u2019int\u00e9rieur et de l\u2019ext\u00e9rieur du pays pour que, dans un \u00e9lan de vaste rassemblement le candidat d\u00e9sign\u00e9 le moment venu assure le triomphe de notre camp pour poursuivre dans la s\u00e9r\u00e9nit\u00e9, la paix et la stabilit\u00e9 les vastes r\u00e9formes devant les conduire \u00e0 l\u2019\u00e9mergence \u00e0 l\u2019horizon 2035\"<\/em>.<\/p>\n<p>D\u2019ailleurs, Me Ousmane S\u00e8ye rappelle que leur grande coalition BBY, est l\u2019alliance de partis et d\u2019organisations qui aura le plus marqu\u00e9 l\u2019histoire politique du S\u00e9n\u00e9gal par sa long\u00e9vit\u00e9, sa r\u00e9silience aux crises propres aux mutations de cette \u00e9poque et sa capacit\u00e9 \u00e0 accompagner les politiques de transformation du pays dans tous les domaines.<\/p>\n<p>\"<em>En d\u00e9pit des p\u00e9rip\u00e9ties inh\u00e9rentes \u00e0 la vie politique dans le contexte d\u2019une grande vitalit\u00e9 d\u00e9mocratique<\/em>\", souligne-t-il, leur coalition \"<em>a su surmonter toutes les \u00e9preuves travers\u00e9es pour garder le cap de son unit\u00e9, restant le bloc politique h\u00e9g\u00e9monique qui a jusque-l\u00e0 apport\u00e9 \u00e0 son leader, le Pr\u00e9sident Macky Sall, la garantie d\u2019une majorit\u00e9 forte pour gouverner le S\u00e9n\u00e9gal dans la paix et la stabilit\u00e9 qui sont les conditions essentielles de l\u2019\u00e9mergence et du d\u00e9veloppement d\u2019un pays.<\/em>\"<\/p>\n<p>En un mot, le choix de se repr\u00e9senter pour un troisi\u00e8me mandat appartient \u00e0 Macky Sall et les leaders de BBY sont pr\u00eats \u00e0 le soutenir.<\/p>\n<p>A noter que les travaux du s\u00e9minaire qui s'e sont tenus \u00e0 huis clos, a r\u00e9uni les leaders de la mouvance pr\u00e9sidentielle dont le pr\u00e9sident de la R\u00e9publique.<\/p>\n<p>&nbsp;<\/p>\n<p>&nbsp;<\/p>\n<div class='share-to-whatsapp-wrapper'><div class='share-on-whsp'>PARTAGER SUR : <\/div><a data-text='EN COULISSES - Benno maintient le flou !' data-link='https:\/\/www.nettali.com\/2022\/12\/24\/en-coulisses-benno-maintient-le-flou\/' class='whatsapp-button whatsapp-share'>WhatsApp<\/a><div class='clear '><\/div><\/div>","protected":false},"excerpt":{"rendered":"<p>NETTALI.COM - Annonc\u00e9, il y a quelques temps par le Pr\u00e9sident Macky Sall, le s\u00e9minaire de la coalition BBY, s\u2019est finalement tenu, ce vendredi 23 d\u00e9cembre. Organis\u00e9 sur le th\u00e8me : \"quelle coalition pour la victoire\", la rencontre a \u00e9t\u00e9 sanctionn\u00e9e par deux r\u00e9solutions et une motion de soutien au Chef de l\u2019Etat. Le \"ni [&hellip;]<\/p>\n","protected":false},"author":2,"featured_media":100350,"comment_status":"open","ping_status":"open","sticky":false,"template":"","format":"standard","meta":{"_et_pb_use_builder":"","_et_pb_old_content":""},"categories":[34945],"tags":[],"yoast_head":"<!-- This site is optimized with the Yoast SEO Premium plugin v17.8 (Yoast SEO v17.8) - https:\/\/yoast.com\/wordpress\/plugins\/seo\/ -->\n<title>EN COULISSES - Benno maintient le flou ! | Nettali.com<\/title>\n<meta name=\"robots\" content=\"index, follow, max-snippet:-1, max-image-preview:large, max-video-preview:-1\" \/>\n<link rel=\"canonical\" href=\"https:\/\/www.nettali.com\/2022\/12\/24\/en-coulisses-benno-maintient-le-flou\/\" \/>\n<meta property=\"og:locale\" content=\"fr_FR\" \/>\n<meta property=\"og:type\" content=\"article\" \/>\n<meta property=\"og:title\" content=\"EN COULISSES - Benno maintient le flou !\" \/>\n<meta property=\"og:description\" content=\"NETTALI.COM - Annonc\u00e9, il y a quelques temps par le Pr\u00e9sident Macky Sall, le s\u00e9minaire de la coalition BBY, s\u2019est finalement tenu, ce vendredi 23 d\u00e9cembre. Organis\u00e9 sur le th\u00e8me : &quot;quelle coalition pour la victoire&quot;, la rencontre a \u00e9t\u00e9 sanctionn\u00e9e par deux r\u00e9solutions et une motion de soutien au Chef de l\u2019Etat. Le &quot;ni [&hellip;]\" \/>\n<meta property=\"og:url\" content=\"https:\/\/www.nettali.com\/2022\/12\/24\/en-coulisses-benno-maintient-le-flou\/\" \/>\n<meta property=\"og:site_name\" content=\"Nettali.com\" \/>\n<meta property=\"article:publisher\" content=\"https:\/\/www.facebook.com\/nettalicom\" \/>\n<meta property=\"article:published_time\" content=\"2022-12-24T10:05:48+00:00\" \/>\n<meta property=\"og:image\" content=\"https:\/\/www.nettali.com\/wp-content\/uploads\/2022\/12\/arton28798.jpg\" \/>\n\t<meta property=\"og:image:width\" content=\"755\" \/>\n\t<meta property=\"og:image:height\" content=\"449\" \/>\n<meta name=\"twitter:card\" content=\"summary_large_image\" \/>\n<meta name=\"twitter:label1\" content=\"\u00c9crit par\" \/>\n\t<meta name=\"twitter:data1\" content=\"CK\" \/>\n\t<meta name=\"twitter:label2\" content=\"Dur\u00e9e de lecture estim\u00e9e\" \/>\n\t<meta name=\"twitter:data2\" content=\"2 minutes\" \/>\n<script type=\"application\/ld+json\" class=\"yoast-schema-graph\">{\"@context\":\"https:\/\/schema.org\",\"@graph\":[{\"@type\":\"WebSite\",\"@id\":\"https:\/\/www.nettali.com\/#website\",\"url\":\"https:\/\/www.nettali.com\/\",\"name\":\"Nettali.com\",\"description\":\"Le rendez-vous critique du Net\",\"potentialAction\":[{\"@type\":\"SearchAction\",\"target\":{\"@type\":\"EntryPoint\",\"urlTemplate\":\"https:\/\/www.nettali.com\/?s={search_term_string}\"},\"query-input\":\"required name=search_term_string\"}],\"inLanguage\":\"fr-FR\"},{\"@type\":\"ImageObject\",\"@id\":\"https:\/\/www.nettali.com\/2022\/12\/24\/en-coulisses-benno-maintient-le-flou\/#primaryimage\",\"inLanguage\":\"fr-FR\",\"url\":\"https:\/\/www.nettali.com\/wp-content\/uploads\/2022\/12\/arton28798.jpg\",\"contentUrl\":\"https:\/\/www.nettali.com\/wp-content\/uploads\/2022\/12\/arton28798.jpg\",\"width\":755,\"height\":449},{\"@type\":\"WebPage\",\"@id\":\"https:\/\/www.nettali.com\/2022\/12\/24\/en-coulisses-benno-maintient-le-flou\/#webpage\",\"url\":\"https:\/\/www.nettali.com\/2022\/12\/24\/en-coulisses-benno-maintient-le-flou\/\",\"name\":\"EN COULISSES - Benno maintient le flou ! | Nettali.com\",\"isPartOf\":{\"@id\":\"https:\/\/www.nettali.com\/#website\"},\"primaryImageOfPage\":{\"@id\":\"https:\/\/www.nettali.com\/2022\/12\/24\/en-coulisses-benno-maintient-le-flou\/#primaryimage\"},\"datePublished\":\"2022-12-24T10:05:48+00:00\",\"dateModified\":\"2022-12-24T10:05:48+00:00\",\"author\":{\"@id\":\"https:\/\/www.nettali.com\/#\/schema\/person\/d8ac7b7e27ddad43f1c0d2ef090d7f71\"},\"breadcrumb\":{\"@id\":\"https:\/\/www.nettali.com\/2022\/12\/24\/en-coulisses-benno-maintient-le-flou\/#breadcrumb\"},\"inLanguage\":\"fr-FR\",\"potentialAction\":[{\"@type\":\"ReadAction\",\"target\":[\"https:\/\/www.nettali.com\/2022\/12\/24\/en-coulisses-benno-maintient-le-flou\/\"]}]},{\"@type\":\"BreadcrumbList\",\"@id\":\"https:\/\/www.nettali.com\/2022\/12\/24\/en-coulisses-benno-maintient-le-flou\/#breadcrumb\",\"itemListElement\":[{\"@type\":\"ListItem\",\"position\":1,\"name\":\"Accueil\",\"item\":\"https:\/\/www.nettali.com\/\"},{\"@type\":\"ListItem\",\"position\":2,\"name\":\"EN COULISSES - Benno maintient le flou !\"}]},{\"@type\":\"Person\",\"@id\":\"https:\/\/www.nettali.com\/#\/schema\/person\/d8ac7b7e27ddad43f1c0d2ef090d7f71\",\"name\":\"CK\",\"image\":{\"@type\":\"ImageObject\",\"@id\":\"https:\/\/www.nettali.com\/#personlogo\",\"inLanguage\":\"fr-FR\",\"url\":\"https:\/\/secure.gravatar.com\/avatar\/1d8d5118b9327d94da7cd4ce7f17fec2?s=96&d=mm&r=g\",\"contentUrl\":\"https:\/\/secure.gravatar.com\/avatar\/1d8d5118b9327d94da7cd4ce7f17fec2?s=96&d=mm&r=g\",\"caption\":\"CK\"},\"sameAs\":[\"https:\/\/www.nettali.com\"]}]}<\/script>\n<!-- \/ Yoast SEO Premium plugin. -->","yoast_head_json":{"title":"EN COULISSES - Benno maintient le flou ! | Nettali.com","robots":{"index":"index","follow":"follow","max-snippet":"max-snippet:-1","max-image-preview":"max-image-preview:large","max-video-preview":"max-video-preview:-1"},"canonical":"https:\/\/www.nettali.com\/2022\/12\/24\/en-coulisses-benno-maintient-le-flou\/","og_locale":"fr_FR","og_type":"article","og_title":"EN COULISSES - Benno maintient le flou !","og_description":"NETTALI.COM - Annonc\u00e9, il y a quelques temps par le Pr\u00e9sident Macky Sall, le s\u00e9minaire de la coalition BBY, s\u2019est finalement tenu, ce vendredi 23 d\u00e9cembre. Organis\u00e9 sur le th\u00e8me : \"quelle coalition pour la victoire\", la rencontre a \u00e9t\u00e9 sanctionn\u00e9e par deux r\u00e9solutions et une motion de soutien au Chef de l\u2019Etat. Le \"ni [&hellip;]","og_url":"https:\/\/www.nettali.com\/2022\/12\/24\/en-coulisses-benno-maintient-le-flou\/","og_site_name":"Nettali.com","article_publisher":"https:\/\/www.facebook.com\/nettalicom","article_published_time":"2022-12-24T10:05:48+00:00","og_image":[{"width":755,"height":449,"url":"https:\/\/www.nettali.com\/wp-content\/uploads\/2022\/12\/arton28798.jpg","type":"image\/jpeg"}],"twitter_card":"summary_large_image","twitter_misc":{"\u00c9crit par":"CK","Dur\u00e9e de lecture estim\u00e9e":"2 minutes"},"schema":{"@context":"https:\/\/schema.org","@graph":[{"@type":"WebSite","@id":"https:\/\/www.nettali.com\/#website","url":"https:\/\/www.nettali.com\/","name":"Nettali.com","description":"Le rendez-vous critique du Net","potentialAction":[{"@type":"SearchAction","target":{"@type":"EntryPoint","urlTemplate":"https:\/\/www.nettali.com\/?s={search_term_string}"},"query-input":"required name=search_term_string"}],"inLanguage":"fr-FR"},{"@type":"ImageObject","@id":"https:\/\/www.nettali.com\/2022\/12\/24\/en-coulisses-benno-maintient-le-flou\/#primaryimage","inLanguage":"fr-FR","url":"https:\/\/www.nettali.com\/wp-content\/uploads\/2022\/12\/arton28798.jpg","contentUrl":"https:\/\/www.nettali.com\/wp-content\/uploads\/2022\/12\/arton28798.jpg","width":755,"height":449},{"@type":"WebPage","@id":"https:\/\/www.nettali.com\/2022\/12\/24\/en-coulisses-benno-maintient-le-flou\/#webpage","url":"https:\/\/www.nettali.com\/2022\/12\/24\/en-coulisses-benno-maintient-le-flou\/","name":"EN COULISSES - Benno maintient le flou ! | Nettali.com","isPartOf":{"@id":"https:\/\/www.nettali.com\/#website"},"primaryImageOfPage":{"@id":"https:\/\/www.nettali.com\/2022\/12\/24\/en-coulisses-benno-maintient-le-flou\/#primaryimage"},"datePublished":"2022-12-24T10:05:48+00:00","dateModified":"2022-12-24T10:05:48+00:00","author":{"@id":"https:\/\/www.nettali.com\/#\/schema\/person\/d8ac7b7e27ddad43f1c0d2ef090d7f71"},"breadcrumb":{"@id":"https:\/\/www.nettali.com\/2022\/12\/24\/en-coulisses-benno-maintient-le-flou\/#breadcrumb"},"inLanguage":"fr-FR","potentialAction":[{"@type":"ReadAction","target":["https:\/\/www.nettali.com\/2022\/12\/24\/en-coulisses-benno-maintient-le-flou\/"]}]},{"@type":"BreadcrumbList","@id":"https:\/\/www.nettali.com\/2022\/12\/24\/en-coulisses-benno-maintient-le-flou\/#breadcrumb","itemListElement":[{"@type":"ListItem","position":1,"name":"Accueil","item":"https:\/\/www.nettali.com\/"},{"@type":"ListItem","position":2,"name":"EN COULISSES - Benno maintient le flou !"}]},{"@type":"Person","@id":"https:\/\/www.nettali.com\/#\/schema\/person\/d8ac7b7e27ddad43f1c0d2ef090d7f71","name":"CK","image":{"@type":"ImageObject","@id":"https:\/\/www.nettali.com\/#personlogo","inLanguage":"fr-FR","url":"https:\/\/secure.gravatar.com\/avatar\/1d8d5118b9327d94da7cd4ce7f17fec2?s=96&d=mm&r=g","contentUrl":"https:\/\/secure.gravatar.com\/avatar\/1d8d5118b9327d94da7cd4ce7f17fec2?s=96&d=mm&r=g","caption":"CK"},"sameAs":["https:\/\/www.nettali.com"]}]}},"_links":{"self":[{"href":"https:\/\/www.nettali.com\/rest\/wp\/v2\/posts\/100345"}],"collection":[{"href":"https:\/\/www.nettali.com\/rest\/wp\/v2\/posts"}],"about":[{"href":"https:\/\/www.nettali.com\/rest\/wp\/v2\/types\/post"}],"author":[{"embeddable":true,"href":"https:\/\/www.nettali.com\/rest\/wp\/v2\/users\/2"}],"replies":[{"embeddable":true,"href":"https:\/\/www.nettali.com\/rest\/wp\/v2\/comments?post=100345"}],"version-history":[{"count":1,"href":"https:\/\/www.nettali.com\/rest\/wp\/v2\/posts\/100345\/revisions"}],"predecessor-version":[{"id":100349,"href":"https:\/\/www.nettali.com\/rest\/wp\/v2\/posts\/100345\/revisions\/100349"}],"wp:featuredmedia":[{"embeddable":true,"href":"https:\/\/www.nettali.com\/rest\/wp\/v2\/media\/100350"}],"wp:attachment":[{"href":"https:\/\/www.nettali.com\/rest\/wp\/v2\/media?parent=100345"}],"wp:term":[{"taxonomy":"category","embeddable":true,"href":"https:\/\/www.nettali.com\/rest\/wp\/v2\/categories?post=100345"},{"taxonomy":"post_tag","embeddable":true,"href":"https:\/\/www.nettali.com\/rest\/wp\/v2\/tags?post=100345"}],"curies":[{"name":"wp","href":"https:\/\/api.w.org\/{rel}","templated":true}]}}