{"id":100105,"date":"2022-12-20T19:15:04","date_gmt":"2022-12-20T19:15:04","guid":{"rendered":"https:\/\/www.nettali.com\/?p=100105"},"modified":"2022-12-21T08:59:57","modified_gmt":"2022-12-21T08:59:57","slug":"retour-de-pape-ale-niang-en-prison-le-procureur-sexplique","status":"publish","type":"post","link":"https:\/\/www.nettali.com\/2022\/12\/20\/retour-de-pape-ale-niang-en-prison-le-procureur-sexplique\/","title":{"rendered":"RETOUR DE PAPE ALE NIANG EN PRISON - Le Procureur s'explique !"},"content":{"rendered":"<p><strong>NETTALI.COM - Le Procureur de la r\u00e9publique s'est fendu d'un communiqu\u00e9 pour s'expliquer sur l'affaire Pape Al\u00e9 NIANG. Si le journaliste est retourn\u00e9 en prison, dit-il, c'est parce qu'il a viol\u00e9 les prescriptions en mati\u00e8re de contr\u00f4le judiciaire.<\/strong><\/p>\n\n\t\t<style type=\"text\/css\">\n\t\t\t#gallery-1 {\n\t\t\t\tmargin: auto;\n\t\t\t}\n\t\t\t#gallery-1 .gallery-item {\n\t\t\t\tfloat: left;\n\t\t\t\tmargin-top: 10px;\n\t\t\t\ttext-align: center;\n\t\t\t\twidth: 100%;\n\t\t\t}\n\t\t\t#gallery-1 img {\n\t\t\t\tborder: 2px solid #cfcfcf;\n\t\t\t}\n\t\t\t#gallery-1 .gallery-caption {\n\t\t\t\tmargin-left: 0;\n\t\t\t}\n\t\t\t\/* see gallery_shortcode() in wp-includes\/media.php *\/\n\t\t<\/style>\n\t\t<div id='gallery-1' class='gallery galleryid-100105 gallery-columns-1 gallery-size-full'><dl class='gallery-item'>\n\t\t\t<dt class='gallery-icon portrait'>\n\t\t\t\t<a href='https:\/\/www.nettali.com\/2022\/12\/20\/retour-de-pape-ale-niang-en-prison-le-procureur-sexplique\/whatsapp-image-2022-12-20-at-18-41-57\/'><img width=\"653\" height=\"1024\" src=\"https:\/\/www.nettali.com\/wp-content\/uploads\/2022\/12\/WhatsApp-Image-2022-12-20-at-18.41.57.jpeg\" class=\"attachment-full size-full\" alt=\"\" loading=\"lazy\" srcset=\"https:\/\/www.nettali.com\/wp-content\/uploads\/2022\/12\/WhatsApp-Image-2022-12-20-at-18.41.57.jpeg 653w, https:\/\/www.nettali.com\/wp-content\/uploads\/2022\/12\/WhatsApp-Image-2022-12-20-at-18.41.57-191x300.jpeg 191w\" sizes=\"(max-width: 653px) 100vw, 653px\" \/><\/a>\n\t\t\t<\/dt><\/dl><br style=\"clear: both\" \/><dl class='gallery-item'>\n\t\t\t<dt class='gallery-icon portrait'>\n\t\t\t\t<a href='https:\/\/www.nettali.com\/2022\/12\/20\/retour-de-pape-ale-niang-en-prison-le-procureur-sexplique\/whatsapp-image-2022-12-20-at-18-41-58\/'><img width=\"628\" height=\"1024\" src=\"https:\/\/www.nettali.com\/wp-content\/uploads\/2022\/12\/WhatsApp-Image-2022-12-20-at-18.41.58.jpeg\" class=\"attachment-full size-full\" alt=\"\" loading=\"lazy\" srcset=\"https:\/\/www.nettali.com\/wp-content\/uploads\/2022\/12\/WhatsApp-Image-2022-12-20-at-18.41.58.jpeg 628w, https:\/\/www.nettali.com\/wp-content\/uploads\/2022\/12\/WhatsApp-Image-2022-12-20-at-18.41.58-184x300.jpeg 184w\" sizes=\"(max-width: 628px) 100vw, 628px\" \/><\/a>\n\t\t\t<\/dt><\/dl><br style=\"clear: both\" \/>\n\t\t<\/div>\n\n<div class='share-to-whatsapp-wrapper'><div class='share-on-whsp'>PARTAGER SUR : <\/div><a data-text='RETOUR DE PAPE ALE NIANG EN PRISON - Le Procureur s'explique !' data-link='https:\/\/www.nettali.com\/2022\/12\/20\/retour-de-pape-ale-niang-en-prison-le-procureur-sexplique\/' class='whatsapp-button whatsapp-share'>WhatsApp<\/a><div class='clear '><\/div><\/div>","protected":false},"excerpt":{"rendered":"<p>NETTALI.COM - Le Procureur de la r\u00e9publique s'est fendu d'un communiqu\u00e9 pour s'expliquer sur l'affaire Pape Al\u00e9 NIANG. Si le journaliste est retourn\u00e9 en prison, dit-il, c'est parce qu'il a viol\u00e9 les prescriptions en mati\u00e8re de contr\u00f4le judiciaire. PARTAGER SUR :<\/p>\n","protected":false},"author":4,"featured_media":98158,"comment_status":"open","ping_status":"open","sticky":false,"template":"","format":"standard","meta":{"_et_pb_use_builder":"","_et_pb_old_content":""},"categories":[3],"tags":[],"yoast_head":"<!-- This site is optimized with the Yoast SEO Premium plugin v17.8 (Yoast SEO v17.8) - https:\/\/yoast.com\/wordpress\/plugins\/seo\/ -->\n<title>RETOUR DE PAPE ALE NIANG EN PRISON - Le Procureur s&#039;explique ! | Nettali.com<\/title>\n<meta name=\"robots\" content=\"index, follow, max-snippet:-1, max-image-preview:large, max-video-preview:-1\" \/>\n<link rel=\"canonical\" href=\"https:\/\/www.nettali.com\/2022\/12\/20\/retour-de-pape-ale-niang-en-prison-le-procureur-sexplique\/\" \/>\n<meta property=\"og:locale\" content=\"fr_FR\" \/>\n<meta property=\"og:type\" content=\"article\" \/>\n<meta property=\"og:title\" content=\"RETOUR DE PAPE ALE NIANG EN PRISON - Le Procureur s&#039;explique !\" \/>\n<meta property=\"og:description\" content=\"NETTALI.COM - Le Procureur de la r\u00e9publique s&#039;est fendu d&#039;un communiqu\u00e9 pour s&#039;expliquer sur l&#039;affaire Pape Al\u00e9 NIANG. Si le journaliste est retourn\u00e9 en prison, dit-il, c&#039;est parce qu&#039;il a viol\u00e9 les prescriptions en mati\u00e8re de contr\u00f4le judiciaire. PARTAGER SUR :\" \/>\n<meta property=\"og:url\" content=\"https:\/\/www.nettali.com\/2022\/12\/20\/retour-de-pape-ale-niang-en-prison-le-procureur-sexplique\/\" \/>\n<meta property=\"og:site_name\" content=\"Nettali.com\" \/>\n<meta property=\"article:publisher\" content=\"https:\/\/www.facebook.com\/nettalicom\" \/>\n<meta property=\"article:published_time\" content=\"2022-12-20T19:15:04+00:00\" \/>\n<meta property=\"article:modified_time\" content=\"2022-12-21T08:59:57+00:00\" \/>\n<meta property=\"og:image\" content=\"https:\/\/www.nettali.com\/wp-content\/uploads\/2022\/11\/Procureur-Dakar.jpeg\" \/>\n\t<meta property=\"og:image:width\" content=\"1080\" \/>\n\t<meta property=\"og:image:height\" content=\"607\" \/>\n<meta name=\"twitter:card\" content=\"summary_large_image\" \/>\n<meta name=\"twitter:label1\" content=\"\u00c9crit par\" \/>\n\t<meta name=\"twitter:data1\" content=\"Daouda\" \/>\n\t<meta name=\"twitter:label2\" content=\"Dur\u00e9e de lecture estim\u00e9e\" \/>\n\t<meta name=\"twitter:data2\" content=\"1 minute\" \/>\n<script type=\"application\/ld+json\" class=\"yoast-schema-graph\">{\"@context\":\"https:\/\/schema.org\",\"@graph\":[{\"@type\":\"WebSite\",\"@id\":\"https:\/\/www.nettali.com\/#website\",\"url\":\"https:\/\/www.nettali.com\/\",\"name\":\"Nettali.com\",\"description\":\"Le rendez-vous critique du Net\",\"potentialAction\":[{\"@type\":\"SearchAction\",\"target\":{\"@type\":\"EntryPoint\",\"urlTemplate\":\"https:\/\/www.nettali.com\/?s={search_term_string}\"},\"query-input\":\"required name=search_term_string\"}],\"inLanguage\":\"fr-FR\"},{\"@type\":\"ImageObject\",\"@id\":\"https:\/\/www.nettali.com\/2022\/12\/20\/retour-de-pape-ale-niang-en-prison-le-procureur-sexplique\/#primaryimage\",\"inLanguage\":\"fr-FR\",\"url\":\"https:\/\/www.nettali.com\/wp-content\/uploads\/2022\/11\/Procureur-Dakar.jpeg\",\"contentUrl\":\"https:\/\/www.nettali.com\/wp-content\/uploads\/2022\/11\/Procureur-Dakar.jpeg\",\"width\":1080,\"height\":607},{\"@type\":\"WebPage\",\"@id\":\"https:\/\/www.nettali.com\/2022\/12\/20\/retour-de-pape-ale-niang-en-prison-le-procureur-sexplique\/#webpage\",\"url\":\"https:\/\/www.nettali.com\/2022\/12\/20\/retour-de-pape-ale-niang-en-prison-le-procureur-sexplique\/\",\"name\":\"RETOUR DE PAPE ALE NIANG EN PRISON - Le Procureur s'explique ! | Nettali.com\",\"isPartOf\":{\"@id\":\"https:\/\/www.nettali.com\/#website\"},\"primaryImageOfPage\":{\"@id\":\"https:\/\/www.nettali.com\/2022\/12\/20\/retour-de-pape-ale-niang-en-prison-le-procureur-sexplique\/#primaryimage\"},\"datePublished\":\"2022-12-20T19:15:04+00:00\",\"dateModified\":\"2022-12-21T08:59:57+00:00\",\"author\":{\"@id\":\"https:\/\/www.nettali.com\/#\/schema\/person\/3317e0bb3aa1da309fbf7b2780901bf4\"},\"breadcrumb\":{\"@id\":\"https:\/\/www.nettali.com\/2022\/12\/20\/retour-de-pape-ale-niang-en-prison-le-procureur-sexplique\/#breadcrumb\"},\"inLanguage\":\"fr-FR\",\"potentialAction\":[{\"@type\":\"ReadAction\",\"target\":[\"https:\/\/www.nettali.com\/2022\/12\/20\/retour-de-pape-ale-niang-en-prison-le-procureur-sexplique\/\"]}]},{\"@type\":\"BreadcrumbList\",\"@id\":\"https:\/\/www.nettali.com\/2022\/12\/20\/retour-de-pape-ale-niang-en-prison-le-procureur-sexplique\/#breadcrumb\",\"itemListElement\":[{\"@type\":\"ListItem\",\"position\":1,\"name\":\"Accueil\",\"item\":\"https:\/\/www.nettali.com\/\"},{\"@type\":\"ListItem\",\"position\":2,\"name\":\"RETOUR DE PAPE ALE NIANG EN PRISON - Le Procureur s'explique !\"}]},{\"@type\":\"Person\",\"@id\":\"https:\/\/www.nettali.com\/#\/schema\/person\/3317e0bb3aa1da309fbf7b2780901bf4\",\"name\":\"Daouda\",\"image\":{\"@type\":\"ImageObject\",\"@id\":\"https:\/\/www.nettali.com\/#personlogo\",\"inLanguage\":\"fr-FR\",\"url\":\"https:\/\/secure.gravatar.com\/avatar\/8d143b5a49345098ddcfee1c49c2f47c?s=96&d=mm&r=g\",\"contentUrl\":\"https:\/\/secure.gravatar.com\/avatar\/8d143b5a49345098ddcfee1c49c2f47c?s=96&d=mm&r=g\",\"caption\":\"Daouda\"},\"sameAs\":[\"https:\/\/www.nettali.com\"]}]}<\/script>\n<!-- \/ Yoast SEO Premium plugin. -->","yoast_head_json":{"title":"RETOUR DE PAPE ALE NIANG EN PRISON - Le Procureur s'explique ! | Nettali.com","robots":{"index":"index","follow":"follow","max-snippet":"max-snippet:-1","max-image-preview":"max-image-preview:large","max-video-preview":"max-video-preview:-1"},"canonical":"https:\/\/www.nettali.com\/2022\/12\/20\/retour-de-pape-ale-niang-en-prison-le-procureur-sexplique\/","og_locale":"fr_FR","og_type":"article","og_title":"RETOUR DE PAPE ALE NIANG EN PRISON - Le Procureur s'explique !","og_description":"NETTALI.COM - Le Procureur de la r\u00e9publique s'est fendu d'un communiqu\u00e9 pour s'expliquer sur l'affaire Pape Al\u00e9 NIANG. Si le journaliste est retourn\u00e9 en prison, dit-il, c'est parce qu'il a viol\u00e9 les prescriptions en mati\u00e8re de contr\u00f4le judiciaire. PARTAGER SUR :","og_url":"https:\/\/www.nettali.com\/2022\/12\/20\/retour-de-pape-ale-niang-en-prison-le-procureur-sexplique\/","og_site_name":"Nettali.com","article_publisher":"https:\/\/www.facebook.com\/nettalicom","article_published_time":"2022-12-20T19:15:04+00:00","article_modified_time":"2022-12-21T08:59:57+00:00","og_image":[{"width":1080,"height":607,"url":"https:\/\/www.nettali.com\/wp-content\/uploads\/2022\/11\/Procureur-Dakar.jpeg","type":"image\/jpeg"}],"twitter_card":"summary_large_image","twitter_misc":{"\u00c9crit par":"Daouda","Dur\u00e9e de lecture estim\u00e9e":"1 minute"},"schema":{"@context":"https:\/\/schema.org","@graph":[{"@type":"WebSite","@id":"https:\/\/www.nettali.com\/#website","url":"https:\/\/www.nettali.com\/","name":"Nettali.com","description":"Le rendez-vous critique du Net","potentialAction":[{"@type":"SearchAction","target":{"@type":"EntryPoint","urlTemplate":"https:\/\/www.nettali.com\/?s={search_term_string}"},"query-input":"required name=search_term_string"}],"inLanguage":"fr-FR"},{"@type":"ImageObject","@id":"https:\/\/www.nettali.com\/2022\/12\/20\/retour-de-pape-ale-niang-en-prison-le-procureur-sexplique\/#primaryimage","inLanguage":"fr-FR","url":"https:\/\/www.nettali.com\/wp-content\/uploads\/2022\/11\/Procureur-Dakar.jpeg","contentUrl":"https:\/\/www.nettali.com\/wp-content\/uploads\/2022\/11\/Procureur-Dakar.jpeg","width":1080,"height":607},{"@type":"WebPage","@id":"https:\/\/www.nettali.com\/2022\/12\/20\/retour-de-pape-ale-niang-en-prison-le-procureur-sexplique\/#webpage","url":"https:\/\/www.nettali.com\/2022\/12\/20\/retour-de-pape-ale-niang-en-prison-le-procureur-sexplique\/","name":"RETOUR DE PAPE ALE NIANG EN PRISON - Le Procureur s'explique ! | Nettali.com","isPartOf":{"@id":"https:\/\/www.nettali.com\/#website"},"primaryImageOfPage":{"@id":"https:\/\/www.nettali.com\/2022\/12\/20\/retour-de-pape-ale-niang-en-prison-le-procureur-sexplique\/#primaryimage"},"datePublished":"2022-12-20T19:15:04+00:00","dateModified":"2022-12-21T08:59:57+00:00","author":{"@id":"https:\/\/www.nettali.com\/#\/schema\/person\/3317e0bb3aa1da309fbf7b2780901bf4"},"breadcrumb":{"@id":"https:\/\/www.nettali.com\/2022\/12\/20\/retour-de-pape-ale-niang-en-prison-le-procureur-sexplique\/#breadcrumb"},"inLanguage":"fr-FR","potentialAction":[{"@type":"ReadAction","target":["https:\/\/www.nettali.com\/2022\/12\/20\/retour-de-pape-ale-niang-en-prison-le-procureur-sexplique\/"]}]},{"@type":"BreadcrumbList","@id":"https:\/\/www.nettali.com\/2022\/12\/20\/retour-de-pape-ale-niang-en-prison-le-procureur-sexplique\/#breadcrumb","itemListElement":[{"@type":"ListItem","position":1,"name":"Accueil","item":"https:\/\/www.nettali.com\/"},{"@type":"ListItem","position":2,"name":"RETOUR DE PAPE ALE NIANG EN PRISON - Le Procureur s'explique !"}]},{"@type":"Person","@id":"https:\/\/www.nettali.com\/#\/schema\/person\/3317e0bb3aa1da309fbf7b2780901bf4","name":"Daouda","image":{"@type":"ImageObject","@id":"https:\/\/www.nettali.com\/#personlogo","inLanguage":"fr-FR","url":"https:\/\/secure.gravatar.com\/avatar\/8d143b5a49345098ddcfee1c49c2f47c?s=96&d=mm&r=g","contentUrl":"https:\/\/secure.gravatar.com\/avatar\/8d143b5a49345098ddcfee1c49c2f47c?s=96&d=mm&r=g","caption":"Daouda"},"sameAs":["https:\/\/www.nettali.com"]}]}},"_links":{"self":[{"href":"https:\/\/www.nettali.com\/rest\/wp\/v2\/posts\/100105"}],"collection":[{"href":"https:\/\/www.nettali.com\/rest\/wp\/v2\/posts"}],"about":[{"href":"https:\/\/www.nettali.com\/rest\/wp\/v2\/types\/post"}],"author":[{"embeddable":true,"href":"https:\/\/www.nettali.com\/rest\/wp\/v2\/users\/4"}],"replies":[{"embeddable":true,"href":"https:\/\/www.nettali.com\/rest\/wp\/v2\/comments?post=100105"}],"version-history":[{"count":1,"href":"https:\/\/www.nettali.com\/rest\/wp\/v2\/posts\/100105\/revisions"}],"predecessor-version":[{"id":100108,"href":"https:\/\/www.nettali.com\/rest\/wp\/v2\/posts\/100105\/revisions\/100108"}],"wp:featuredmedia":[{"embeddable":true,"href":"https:\/\/www.nettali.com\/rest\/wp\/v2\/media\/98158"}],"wp:attachment":[{"href":"https:\/\/www.nettali.com\/rest\/wp\/v2\/media?parent=100105"}],"wp:term":[{"taxonomy":"category","embeddable":true,"href":"https:\/\/www.nettali.com\/rest\/wp\/v2\/categories?post=100105"},{"taxonomy":"post_tag","embeddable":true,"href":"https:\/\/www.nettali.com\/rest\/wp\/v2\/tags?post=100105"}],"curies":[{"name":"wp","href":"https:\/\/api.w.org\/{rel}","templated":true}]}}